{"id":265645,"date":"2023-02-06T14:58:52","date_gmt":"2023-02-06T17:58:52","guid":{"rendered":"https:\/\/eephcfmusp.org.br\/portal\/online\/?p=265645"},"modified":"2025-07-23T09:46:27","modified_gmt":"2025-07-23T12:46:27","slug":"idoso-fragil","status":"publish","type":"post","link":"https:\/\/hcxfmusp.org.br\/portal\/idoso-fragil\/","title":{"rendered":"Tudo sobre a S\u00edndrome do Idoso Fr\u00e1gil"},"content":{"rendered":"<p><span style=\"font-family: gabarito;\"><span style=\"font-weight: 400;\">A popula\u00e7\u00e3o brasileira est\u00e1 envelhecendo, e cada vez mais se fazem necess\u00e1rios cuidados e pol\u00edticas p\u00fablicas para manter a qualidade de vida dessas pessoas. Os dados do Instituto Brasileiro de Geografia e Estat\u00edstica (IBGE), divulgados em julho de 2022, mostram um <\/span><a href=\"https:\/\/g1.globo.com\/economia\/noticia\/2022\/07\/22\/pais-passa-a-ter-mais-de-10percent-da-populacao-formada-por-idosos-com-65-anos-ou-mais-de-idade-diz-ibge.ghtml\" target=\"_blank\" rel=\"noopener\"><span style=\"font-weight: 400;\">aumento de 40% da popula\u00e7\u00e3o com mais de 60 anos<\/span><\/a><span style=\"font-weight: 400;\">, representando agora 14,7% &#8211; 31,2 milh\u00f5es de pessoas.<\/span><\/span><\/p>\n<p><span style=\"font-family: gabarito;\"><span style=\"font-weight: 400;\">Uma das principais condi\u00e7\u00f5es que acomete essa parcela da popula\u00e7\u00e3o \u00e9 a S\u00edndrome do <\/span><b>Idoso Fr\u00e1gil<\/b><span style=\"font-weight: 400;\"> (ou S\u00edndrome da Fragilidade do Idoso). Esta consiste\u00a0 na perda da capacidade de reserva de muitos sistemas do organismo, que, mesmo funcionando em condi\u00e7\u00f5es normais, n\u00e3o reagem bem diante de desafios ou situa\u00e7\u00f5es de estresse.<\/span><\/span><\/p>\n<p><span style=\"font-family: gabarito;\"><span style=\"font-weight: 400;\">\u201c<\/span><span style=\"font-weight: 400;\">Um exemplo bem interessante \u00e9 o de um <\/span><b>idoso fr\u00e1gil<\/b><span style=\"font-weight: 400;\"> caminhando na cal\u00e7ada. Ele pode at\u00e9 caminhar bem, mas se pisar em um buraco, tem menos recursos para manter o equil\u00edbrio \u2013 o reflexo estar\u00e1 mais lento, a for\u00e7a muscular da outra perna n\u00e3o \u00e9 suficiente para mant\u00ea-lo em p\u00e9, a vis\u00e3o pode estar diminu\u00edda para desviar e assim por diante, o que aumenta muito a sua chance de cair\u201d, pontua o Dr. Eduardo Ferriolli, professor titular da disciplina de <a href=\"https:\/\/eephcfmusp.org.br\/portal\/online\/geriatria-e-qualidade-de-vida-papel-profissional-saude\/\">Geriatria<\/a> da FMUSP.\u00a0<\/span><\/span><\/p>\n<p><span style=\"font-family: gabarito;\"><span style=\"font-weight: 400;\">O <\/span><b>idoso fr\u00e1gil<\/b><span style=\"font-weight: 400;\"> tem maior frequ\u00eancia de quedas, interna\u00e7\u00f5es, perdas funcionais, institucionaliza\u00e7\u00e3o e morte. Quando h\u00e1 infec\u00e7\u00f5es, por exemplo, a resposta imunol\u00f3gica \u00e9 inadequada e a chance de perda de funcionalidade \u00e9 maior. Para cirurgias e interna\u00e7\u00f5es, o quadro segue parecido, com perda de reservas e, assim, uma elevada probabilidade de ocorr\u00eancia de rea\u00e7\u00f5es n\u00e3o favor\u00e1veis.<\/span><\/span><\/p>\n<h2><span style=\"font-family: gabarito; color: #005f61;\"><b>Causas da S\u00edndrome do Idoso Fr\u00e1gil<\/b><\/span><\/h2>\n<p><span style=\"font-weight: 400; font-family: gabarito;\">No geral, a S\u00edndrome do Idoso Fr\u00e1gil est\u00e1 relacionada a tr\u00eas pontos que, em conjunto, fazem com que a pessoa entre em um ciclo vicioso de perda de energia e reservas que causam a fragiliza\u00e7\u00e3o. S\u00e3o eles:<\/span><\/p>\n<ol>\n<li style=\"font-weight: 400;\"><span style=\"font-family: gabarito;\"><span style=\"font-weight: 400;\">Inflama\u00e7\u00e3o cr\u00f4nica de baixo grau, persistente e relacionada ao envelhecimento, chamada de \u201c<\/span><i><span style=\"font-weight: 400;\">inflammaging<\/span><\/i><span style=\"font-weight: 400;\">\u201d;\u00a0<\/span><\/span><\/li>\n<li style=\"font-weight: 400;\"><span style=\"font-weight: 400; font-family: gabarito;\">Perda de massa e fun\u00e7\u00e3o muscular (sarcopenia), causada por desequil\u00edbrio nutricional, baixa ingest\u00e3o de prote\u00ednas, sedentarismo e outros aspectos relacionados ao envelhecimento;<\/span><\/li>\n<li style=\"font-weight: 400;\"><span style=\"font-weight: 400; font-family: gabarito;\">Altera\u00e7\u00f5es hormonais com redu\u00e7\u00e3o de horm\u00f4nios anab\u00f3licos e aumento de horm\u00f4nios relacionados ao estresse.<\/span><\/li>\n<\/ol>\n<h2><span style=\"font-family: gabarito; color: #005f61;\"><b>Como reconhecer um Idoso Fr\u00e1gil<\/b><\/span><\/h2>\n<p><span style=\"font-family: gabarito;\"><span style=\"font-weight: 400;\">A avalia\u00e7\u00e3o de profissionais da sa\u00fade, principalmente especialistas da \u00e1rea, \u00e9 importante para diagnosticar e identificar as causas da S\u00edndrome do <\/span><b>Idoso Fr\u00e1gil<\/b><span style=\"font-weight: 400;\">. Entretanto, h\u00e1 sinais no cotidiano que sugerem a presen\u00e7a de fragilidade, como caminhar de forma mais lenta, redu\u00e7\u00e3o da for\u00e7a muscular, fadiga em atividades usuais e perda de peso de forma significativa e involunt\u00e1ria. \u201cH\u00e1 escalas que incluem a dificuldade para subir escadas, para carregar peso, para caminhar dist\u00e2ncias significativas, presen\u00e7a de quedas e outros marcadores\u201d, completa Dr. Eduardo.<\/span><\/span><\/p>\n<p><span style=\"font-family: gabarito;\"><span style=\"font-weight: 400;\">Al\u00e9m do controle de doen\u00e7as cr\u00f4nicas e h\u00e1bitos inadequados, como tabagismo, ingest\u00e3o alco\u00f3lica e sedentarismo, uma das bases do tratamento \u00e9 a abordagem nutricional. <\/span><span style=\"font-weight: 400;\">O aumento da ingest\u00e3o de prote\u00edna, corre\u00e7\u00e3o de d\u00e9ficits nutricionais espec\u00edficos (de macro e micronutrientes) e do estado nutricional em si (incluindo a subnutri\u00e7\u00e3o e a obesidade) s\u00e3o fundamentais.<\/span><\/span><\/p>\n<p><span style=\"font-family: gabarito;\"><span style=\"font-weight: 400;\">Outro ponto \u00e9 a atividade f\u00edsica, preferencialmente multimodal (resistida, aer\u00f3bica, funcional e de equil\u00edbrio), adequada para as condi\u00e7\u00f5es f\u00edsicas e cl\u00ednicas do <\/span><b>idoso fr\u00e1gil<\/b><span style=\"font-weight: 400;\">.\u00a0<\/span><\/span><\/p>\n<p><span style=\"font-family: gabarito;\"><span style=\"font-weight: 400;\">\u201c<\/span><span style=\"font-weight: 400;\">Existem v\u00e1rios estudos demonstrando que as abordagens nutricional e de atividade f\u00edsica combinadas podem reduzir ou reverter a fragilidade. Por outro lado, n\u00e3o existem tratamentos medicamentosos espec\u00edficos para essa s\u00edndrome\u201d, finaliza.<\/span><\/span><\/p>\n<h2><span style=\"font-family: gabarito; color: #005f61;\"><b>Idoso Fr\u00e1gil: m\u00f3dulo especial no CIG 2023<\/b><\/span><\/h2>\n<p><span style=\"font-family: gabarito;\"><span style=\"font-weight: 400;\">Neste ano, o <\/span><a href=\"https:\/\/eephcfmusp.org.br\/portal\/online\/curso\/curso-intensivo-em-geriatria-2023\/\"><span style=\"font-weight: 400;\">Curso Intensivo em Geriatria<\/span><\/a><span style=\"font-weight: 400;\"> do <\/span><a href=\"https:\/\/eephcfmusp.org.br\/portal\/online\/\"><span style=\"font-weight: 400;\">HCX<\/span><\/a><span style=\"font-weight: 400;\"> traz o m\u00f3dulo especial <\/span><b>O Idoso Fr\u00e1gil \u2013 Do Diagn\u00f3stico ao Cuidado de Fim de Vida<\/b><span style=\"font-weight: 400;\">. O objetivo \u00e9 manter o foco na atualiza\u00e7\u00e3o e aprimoramento dos cuidados geri\u00e1tricos.<\/span><\/span><\/p>\n<p><span style=\"font-weight: 400; font-family: gabarito;\">O programa abordar\u00e1 temas essenciais para melhorar a qualidade de vida dos idosos, que precisam de cuidados especiais nesta fase. As aulas passar\u00e3o pelas novas evid\u00eancias em geriatria, novidades no tratamento farmacol\u00f3gico e n\u00e3o farmacol\u00f3gico e como est\u00e1 o envelhecimento no Brasil e no mundo.\u00a0<\/span><\/p>\n<p>&nbsp;<\/p>\n","protected":false},"excerpt":{"rendered":"<p>A popula\u00e7\u00e3o brasileira est\u00e1 envelhecendo, e cada vez mais se fazem necess\u00e1rios cuidados e pol\u00edticas p\u00fablicas para manter a qualidade de vida dessas pessoas. Os dados do Instituto Brasileiro de Geografia e Estat\u00edstica (IBGE), divulgados em julho de 2022, mostram um aumento de 40% da popula\u00e7\u00e3o com mais de 60 anos, representando agora 14,7% &#8211; [&hellip;]<\/p>\n","protected":false},"author":149398,"featured_media":390473,"comment_status":"closed","ping_status":"closed","sticky":false,"template":"","format":"standard","meta":{"footnotes":""},"categories":[390],"tags":[923,342,834,924,925,156,926,405,927,928,929],"class_list":["post-265645","post","type-post","status-publish","format-standard","has-post-thumbnail","hentry","category-blog","tag-cig-2023","tag-eep","tag-eep-hcfmusp","tag-envelhecimento","tag-fragilidade","tag-geriatria","tag-ibge","tag-idoso","tag-idoso-fragil","tag-sindrome-da-fragilidade-do-idoso","tag-sindrome-do-idoso-fragil"],"yoast_head":"<!-- This site is optimized with the Yoast SEO Premium plugin v23.5 (Yoast SEO v23.5) - https:\/\/yoast.com\/wordpress\/plugins\/seo\/ -->\n<title>Tudo sobre a S\u00edndrome do Idoso Fr\u00e1gil<\/title>\n<meta name=\"description\" content=\"A S\u00edndrome do Idoso Fr\u00e1gil consiste\u00a0 na perda da capacidade de reserva de muitos sistemas do organismo, que n\u00e3o reagem bem diante de desafios.\" \/>\n<meta name=\"robots\" content=\"index, follow, max-snippet:-1, max-image-preview:large, max-video-preview:-1\" \/>\n<link rel=\"canonical\" href=\"https:\/\/hcxfmusp.org.br\/portal\/idoso-fragil\/\" \/>\n<meta property=\"og:locale\" content=\"pt_BR\" \/>\n<meta property=\"og:type\" content=\"article\" \/>\n<meta property=\"og:title\" content=\"Tudo sobre a S\u00edndrome do Idoso Fr\u00e1gil\" \/>\n<meta property=\"og:description\" content=\"A S\u00edndrome do Idoso Fr\u00e1gil consiste\u00a0 na perda da capacidade de reserva de muitos sistemas do organismo, que n\u00e3o reagem bem diante de desafios.\" \/>\n<meta property=\"og:url\" content=\"https:\/\/hcxfmusp.org.br\/portal\/idoso-fragil\/\" \/>\n<meta property=\"og:site_name\" content=\"HCX - Portal\" \/>\n<meta property=\"article:publisher\" content=\"https:\/\/www.facebook.com\/hcxfmusp\" \/>\n<meta property=\"article:published_time\" content=\"2023-02-06T17:58:52+00:00\" \/>\n<meta property=\"article:modified_time\" content=\"2025-07-23T12:46:27+00:00\" \/>\n<meta property=\"og:image\" content=\"https:\/\/hcxfmusp.org.br\/portal\/wp-content\/uploads\/2023\/02\/idoso_fragil.jpg\" \/>\n\t<meta property=\"og:image:width\" content=\"300\" \/>\n\t<meta property=\"og:image:height\" content=\"200\" \/>\n\t<meta property=\"og:image:type\" content=\"image\/jpeg\" \/>\n<meta name=\"author\" content=\"Edison Santos\" \/>\n<meta name=\"twitter:card\" content=\"summary_large_image\" \/>\n<meta name=\"twitter:label1\" content=\"Escrito por\" \/>\n\t<meta name=\"twitter:data1\" content=\"Edison Santos\" \/>\n\t<meta name=\"twitter:label2\" content=\"Est. tempo de leitura\" \/>\n\t<meta name=\"twitter:data2\" content=\"4 minutos\" \/>\n<script type=\"application\/ld+json\" class=\"yoast-schema-graph\">{\"@context\":\"https:\/\/schema.org\",\"@graph\":[{\"@type\":\"Article\",\"@id\":\"https:\/\/hcxfmusp.org.br\/portal\/idoso-fragil\/#article\",\"isPartOf\":{\"@id\":\"https:\/\/hcxfmusp.org.br\/portal\/idoso-fragil\/\"},\"author\":{\"name\":\"Edison Santos\",\"@id\":\"https:\/\/hcxfmusp.org.br\/portal\/#\/schema\/person\/86b8c6d856a60a08e0b1d9093f66e247\"},\"headline\":\"Tudo sobre a S\u00edndrome do Idoso Fr\u00e1gil\",\"datePublished\":\"2023-02-06T17:58:52+00:00\",\"dateModified\":\"2025-07-23T12:46:27+00:00\",\"mainEntityOfPage\":{\"@id\":\"https:\/\/hcxfmusp.org.br\/portal\/idoso-fragil\/\"},\"wordCount\":719,\"publisher\":{\"@id\":\"https:\/\/hcxfmusp.org.br\/portal\/#organization\"},\"image\":{\"@id\":\"https:\/\/hcxfmusp.org.br\/portal\/idoso-fragil\/#primaryimage\"},\"thumbnailUrl\":\"https:\/\/hcxfmusp.org.br\/portal\/wp-content\/uploads\/2023\/02\/idoso_fragil.jpg\",\"keywords\":[\"CIG 2023\",\"EEP\",\"EEP HCFMUSP\",\"envelhecimento\",\"fragilidade\",\"geriatria\",\"IBGE\",\"idoso\",\"idoso fr\u00e1gil\",\"S\u00edndrome da Fragilidade do Idoso\",\"S\u00edndrome do Idoso Fr\u00e1gil\"],\"articleSection\":[\"Blog\"],\"inLanguage\":\"pt-BR\"},{\"@type\":\"WebPage\",\"@id\":\"https:\/\/hcxfmusp.org.br\/portal\/idoso-fragil\/\",\"url\":\"https:\/\/hcxfmusp.org.br\/portal\/idoso-fragil\/\",\"name\":\"Tudo sobre a S\u00edndrome do Idoso Fr\u00e1gil\",\"isPartOf\":{\"@id\":\"https:\/\/hcxfmusp.org.br\/portal\/#website\"},\"primaryImageOfPage\":{\"@id\":\"https:\/\/hcxfmusp.org.br\/portal\/idoso-fragil\/#primaryimage\"},\"image\":{\"@id\":\"https:\/\/hcxfmusp.org.br\/portal\/idoso-fragil\/#primaryimage\"},\"thumbnailUrl\":\"https:\/\/hcxfmusp.org.br\/portal\/wp-content\/uploads\/2023\/02\/idoso_fragil.jpg\",\"datePublished\":\"2023-02-06T17:58:52+00:00\",\"dateModified\":\"2025-07-23T12:46:27+00:00\",\"description\":\"A S\u00edndrome do Idoso Fr\u00e1gil consiste\u00a0 na perda da capacidade de reserva de muitos sistemas do organismo, que n\u00e3o reagem bem diante de desafios.\",\"breadcrumb\":{\"@id\":\"https:\/\/hcxfmusp.org.br\/portal\/idoso-fragil\/#breadcrumb\"},\"inLanguage\":\"pt-BR\",\"potentialAction\":[{\"@type\":\"ReadAction\",\"target\":[\"https:\/\/hcxfmusp.org.br\/portal\/idoso-fragil\/\"]}]},{\"@type\":\"ImageObject\",\"inLanguage\":\"pt-BR\",\"@id\":\"https:\/\/hcxfmusp.org.br\/portal\/idoso-fragil\/#primaryimage\",\"url\":\"https:\/\/hcxfmusp.org.br\/portal\/wp-content\/uploads\/2023\/02\/idoso_fragil.jpg\",\"contentUrl\":\"https:\/\/hcxfmusp.org.br\/portal\/wp-content\/uploads\/2023\/02\/idoso_fragil.jpg\",\"width\":300,\"height\":200,\"caption\":\"idoso_fragil\"},{\"@type\":\"BreadcrumbList\",\"@id\":\"https:\/\/hcxfmusp.org.br\/portal\/idoso-fragil\/#breadcrumb\",\"itemListElement\":[{\"@type\":\"ListItem\",\"position\":1,\"name\":\"In\u00edcio\",\"item\":\"https:\/\/hcxfmusp.org.br\/portal\/\"},{\"@type\":\"ListItem\",\"position\":2,\"name\":\"Tudo sobre a S\u00edndrome do Idoso Fr\u00e1gil\"}]},{\"@type\":\"WebSite\",\"@id\":\"https:\/\/hcxfmusp.org.br\/portal\/#website\",\"url\":\"https:\/\/hcxfmusp.org.br\/portal\/\",\"name\":\"Portal\",\"description\":\"Portal - HCX Fmusp\",\"publisher\":{\"@id\":\"https:\/\/hcxfmusp.org.br\/portal\/#organization\"},\"potentialAction\":[{\"@type\":\"SearchAction\",\"target\":{\"@type\":\"EntryPoint\",\"urlTemplate\":\"https:\/\/hcxfmusp.org.br\/portal\/?s={search_term_string}\"},\"query-input\":{\"@type\":\"PropertyValueSpecification\",\"valueRequired\":true,\"valueName\":\"search_term_string\"}}],\"inLanguage\":\"pt-BR\"},{\"@type\":\"Organization\",\"@id\":\"https:\/\/hcxfmusp.org.br\/portal\/#organization\",\"name\":\"HCX Fmusp\",\"url\":\"https:\/\/hcxfmusp.org.br\/portal\/\",\"logo\":{\"@type\":\"ImageObject\",\"inLanguage\":\"pt-BR\",\"@id\":\"https:\/\/hcxfmusp.org.br\/portal\/#\/schema\/logo\/image\/\",\"url\":\"https:\/\/hcxfmusp.org.br\/portal\/wp-content\/uploads\/2024\/03\/logo-hcx-fmusp.png\",\"contentUrl\":\"https:\/\/hcxfmusp.org.br\/portal\/wp-content\/uploads\/2024\/03\/logo-hcx-fmusp.png\",\"width\":879,\"height\":384,\"caption\":\"HCX Fmusp\"},\"image\":{\"@id\":\"https:\/\/hcxfmusp.org.br\/portal\/#\/schema\/logo\/image\/\"},\"sameAs\":[\"https:\/\/www.facebook.com\/hcxfmusp\",\"https:\/\/www.instagram.com\/hcxfmusp\",\"https:\/\/www.linkedin.com\/company\/hcxfmusp\",\"https:\/\/www.youtube.com\/@hcxfmusp\"]},{\"@type\":\"Person\",\"@id\":\"https:\/\/hcxfmusp.org.br\/portal\/#\/schema\/person\/86b8c6d856a60a08e0b1d9093f66e247\",\"name\":\"Edison Santos\",\"image\":{\"@type\":\"ImageObject\",\"inLanguage\":\"pt-BR\",\"@id\":\"https:\/\/hcxfmusp.org.br\/portal\/#\/schema\/person\/image\/\",\"url\":\"https:\/\/secure.gravatar.com\/avatar\/790f7bae0ca261bddd5e09cdf11ff975e6755be9a16bef7887748bc0df442459?s=96&d=mm&r=g\",\"contentUrl\":\"https:\/\/secure.gravatar.com\/avatar\/790f7bae0ca261bddd5e09cdf11ff975e6755be9a16bef7887748bc0df442459?s=96&d=mm&r=g\",\"caption\":\"Edison Santos\"},\"url\":\"https:\/\/hcxfmusp.org.br\/portal\/author\/edison-santos\/\"}]}<\/script>\n<!-- \/ Yoast SEO Premium plugin. -->","yoast_head_json":{"title":"Tudo sobre a S\u00edndrome do Idoso Fr\u00e1gil","description":"A S\u00edndrome do Idoso Fr\u00e1gil consiste\u00a0 na perda da capacidade de reserva de muitos sistemas do organismo, que n\u00e3o reagem bem diante de desafios.","robots":{"index":"index","follow":"follow","max-snippet":"max-snippet:-1","max-image-preview":"max-image-preview:large","max-video-preview":"max-video-preview:-1"},"canonical":"https:\/\/hcxfmusp.org.br\/portal\/idoso-fragil\/","og_locale":"pt_BR","og_type":"article","og_title":"Tudo sobre a S\u00edndrome do Idoso Fr\u00e1gil","og_description":"A S\u00edndrome do Idoso Fr\u00e1gil consiste\u00a0 na perda da capacidade de reserva de muitos sistemas do organismo, que n\u00e3o reagem bem diante de desafios.","og_url":"https:\/\/hcxfmusp.org.br\/portal\/idoso-fragil\/","og_site_name":"HCX - Portal","article_publisher":"https:\/\/www.facebook.com\/hcxfmusp","article_published_time":"2023-02-06T17:58:52+00:00","article_modified_time":"2025-07-23T12:46:27+00:00","og_image":[{"width":300,"height":200,"url":"https:\/\/hcxfmusp.org.br\/portal\/wp-content\/uploads\/2023\/02\/idoso_fragil.jpg","type":"image\/jpeg"}],"author":"Edison Santos","twitter_card":"summary_large_image","twitter_misc":{"Escrito por":"Edison Santos","Est. tempo de leitura":"4 minutos"},"schema":{"@context":"https:\/\/schema.org","@graph":[{"@type":"Article","@id":"https:\/\/hcxfmusp.org.br\/portal\/idoso-fragil\/#article","isPartOf":{"@id":"https:\/\/hcxfmusp.org.br\/portal\/idoso-fragil\/"},"author":{"name":"Edison Santos","@id":"https:\/\/hcxfmusp.org.br\/portal\/#\/schema\/person\/86b8c6d856a60a08e0b1d9093f66e247"},"headline":"Tudo sobre a S\u00edndrome do Idoso Fr\u00e1gil","datePublished":"2023-02-06T17:58:52+00:00","dateModified":"2025-07-23T12:46:27+00:00","mainEntityOfPage":{"@id":"https:\/\/hcxfmusp.org.br\/portal\/idoso-fragil\/"},"wordCount":719,"publisher":{"@id":"https:\/\/hcxfmusp.org.br\/portal\/#organization"},"image":{"@id":"https:\/\/hcxfmusp.org.br\/portal\/idoso-fragil\/#primaryimage"},"thumbnailUrl":"https:\/\/hcxfmusp.org.br\/portal\/wp-content\/uploads\/2023\/02\/idoso_fragil.jpg","keywords":["CIG 2023","EEP","EEP HCFMUSP","envelhecimento","fragilidade","geriatria","IBGE","idoso","idoso fr\u00e1gil","S\u00edndrome da Fragilidade do Idoso","S\u00edndrome do Idoso Fr\u00e1gil"],"articleSection":["Blog"],"inLanguage":"pt-BR"},{"@type":"WebPage","@id":"https:\/\/hcxfmusp.org.br\/portal\/idoso-fragil\/","url":"https:\/\/hcxfmusp.org.br\/portal\/idoso-fragil\/","name":"Tudo sobre a S\u00edndrome do Idoso Fr\u00e1gil","isPartOf":{"@id":"https:\/\/hcxfmusp.org.br\/portal\/#website"},"primaryImageOfPage":{"@id":"https:\/\/hcxfmusp.org.br\/portal\/idoso-fragil\/#primaryimage"},"image":{"@id":"https:\/\/hcxfmusp.org.br\/portal\/idoso-fragil\/#primaryimage"},"thumbnailUrl":"https:\/\/hcxfmusp.org.br\/portal\/wp-content\/uploads\/2023\/02\/idoso_fragil.jpg","datePublished":"2023-02-06T17:58:52+00:00","dateModified":"2025-07-23T12:46:27+00:00","description":"A S\u00edndrome do Idoso Fr\u00e1gil consiste\u00a0 na perda da capacidade de reserva de muitos sistemas do organismo, que n\u00e3o reagem bem diante de desafios.","breadcrumb":{"@id":"https:\/\/hcxfmusp.org.br\/portal\/idoso-fragil\/#breadcrumb"},"inLanguage":"pt-BR","potentialAction":[{"@type":"ReadAction","target":["https:\/\/hcxfmusp.org.br\/portal\/idoso-fragil\/"]}]},{"@type":"ImageObject","inLanguage":"pt-BR","@id":"https:\/\/hcxfmusp.org.br\/portal\/idoso-fragil\/#primaryimage","url":"https:\/\/hcxfmusp.org.br\/portal\/wp-content\/uploads\/2023\/02\/idoso_fragil.jpg","contentUrl":"https:\/\/hcxfmusp.org.br\/portal\/wp-content\/uploads\/2023\/02\/idoso_fragil.jpg","width":300,"height":200,"caption":"idoso_fragil"},{"@type":"BreadcrumbList","@id":"https:\/\/hcxfmusp.org.br\/portal\/idoso-fragil\/#breadcrumb","itemListElement":[{"@type":"ListItem","position":1,"name":"In\u00edcio","item":"https:\/\/hcxfmusp.org.br\/portal\/"},{"@type":"ListItem","position":2,"name":"Tudo sobre a S\u00edndrome do Idoso Fr\u00e1gil"}]},{"@type":"WebSite","@id":"https:\/\/hcxfmusp.org.br\/portal\/#website","url":"https:\/\/hcxfmusp.org.br\/portal\/","name":"Portal","description":"Portal - HCX Fmusp","publisher":{"@id":"https:\/\/hcxfmusp.org.br\/portal\/#organization"},"potentialAction":[{"@type":"SearchAction","target":{"@type":"EntryPoint","urlTemplate":"https:\/\/hcxfmusp.org.br\/portal\/?s={search_term_string}"},"query-input":{"@type":"PropertyValueSpecification","valueRequired":true,"valueName":"search_term_string"}}],"inLanguage":"pt-BR"},{"@type":"Organization","@id":"https:\/\/hcxfmusp.org.br\/portal\/#organization","name":"HCX Fmusp","url":"https:\/\/hcxfmusp.org.br\/portal\/","logo":{"@type":"ImageObject","inLanguage":"pt-BR","@id":"https:\/\/hcxfmusp.org.br\/portal\/#\/schema\/logo\/image\/","url":"https:\/\/hcxfmusp.org.br\/portal\/wp-content\/uploads\/2024\/03\/logo-hcx-fmusp.png","contentUrl":"https:\/\/hcxfmusp.org.br\/portal\/wp-content\/uploads\/2024\/03\/logo-hcx-fmusp.png","width":879,"height":384,"caption":"HCX Fmusp"},"image":{"@id":"https:\/\/hcxfmusp.org.br\/portal\/#\/schema\/logo\/image\/"},"sameAs":["https:\/\/www.facebook.com\/hcxfmusp","https:\/\/www.instagram.com\/hcxfmusp","https:\/\/www.linkedin.com\/company\/hcxfmusp","https:\/\/www.youtube.com\/@hcxfmusp"]},{"@type":"Person","@id":"https:\/\/hcxfmusp.org.br\/portal\/#\/schema\/person\/86b8c6d856a60a08e0b1d9093f66e247","name":"Edison Santos","image":{"@type":"ImageObject","inLanguage":"pt-BR","@id":"https:\/\/hcxfmusp.org.br\/portal\/#\/schema\/person\/image\/","url":"https:\/\/secure.gravatar.com\/avatar\/790f7bae0ca261bddd5e09cdf11ff975e6755be9a16bef7887748bc0df442459?s=96&d=mm&r=g","contentUrl":"https:\/\/secure.gravatar.com\/avatar\/790f7bae0ca261bddd5e09cdf11ff975e6755be9a16bef7887748bc0df442459?s=96&d=mm&r=g","caption":"Edison Santos"},"url":"https:\/\/hcxfmusp.org.br\/portal\/author\/edison-santos\/"}]}},"_links":{"self":[{"href":"https:\/\/hcxfmusp.org.br\/portal\/wp-json\/wp\/v2\/posts\/265645","targetHints":{"allow":["GET"]}}],"collection":[{"href":"https:\/\/hcxfmusp.org.br\/portal\/wp-json\/wp\/v2\/posts"}],"about":[{"href":"https:\/\/hcxfmusp.org.br\/portal\/wp-json\/wp\/v2\/types\/post"}],"author":[{"embeddable":true,"href":"https:\/\/hcxfmusp.org.br\/portal\/wp-json\/wp\/v2\/users\/149398"}],"replies":[{"embeddable":true,"href":"https:\/\/hcxfmusp.org.br\/portal\/wp-json\/wp\/v2\/comments?post=265645"}],"version-history":[{"count":1,"href":"https:\/\/hcxfmusp.org.br\/portal\/wp-json\/wp\/v2\/posts\/265645\/revisions"}],"predecessor-version":[{"id":390474,"href":"https:\/\/hcxfmusp.org.br\/portal\/wp-json\/wp\/v2\/posts\/265645\/revisions\/390474"}],"wp:featuredmedia":[{"embeddable":true,"href":"https:\/\/hcxfmusp.org.br\/portal\/wp-json\/wp\/v2\/media\/390473"}],"wp:attachment":[{"href":"https:\/\/hcxfmusp.org.br\/portal\/wp-json\/wp\/v2\/media?parent=265645"}],"wp:term":[{"taxonomy":"category","embeddable":true,"href":"https:\/\/hcxfmusp.org.br\/portal\/wp-json\/wp\/v2\/categories?post=265645"},{"taxonomy":"post_tag","embeddable":true,"href":"https:\/\/hcxfmusp.org.br\/portal\/wp-json\/wp\/v2\/tags?post=265645"}],"curies":[{"name":"wp","href":"https:\/\/api.w.org\/{rel}","templated":true}]}}