{"id":356954,"date":"2024-07-02T15:57:56","date_gmt":"2024-07-02T18:57:56","guid":{"rendered":"https:\/\/hcxfmusp.org.br\/portal\/online\/?p=356954"},"modified":"2025-07-23T13:28:37","modified_gmt":"2025-07-23T16:28:37","slug":"desmistificando-a-demencia","status":"publish","type":"post","link":"https:\/\/hcxfmusp.org.br\/portal\/desmistificando-a-demencia\/","title":{"rendered":"Desmistificando a dem\u00eancia: compreendendo o quadro cl\u00ednico"},"content":{"rendered":"<p><span style=\"font-weight: 400;\">Estima-se que cerca de <\/span><a href=\"https:\/\/www.gov.br\/saude\/pt-br\/assuntos\/noticias\/2022\/setembro\/ministerio-da-saude-debate-primeiro-relatorio-nacional-sobre-a-demencia-nesta-quarta-21#:~:text=No%20Brasil%2C%20cerca%20de%202,devido%20ao%20envelhecimento%20da%20popula%C3%A7%C3%A3o.\" target=\"_blank\" rel=\"noopener\"><span style=\"font-weight: 400;\">2 milh\u00f5es de pessoas no Brasil tenham algum tipo de dem\u00eancia<\/span><\/a><span style=\"font-weight: 400;\">, conforme dados do Minist\u00e9rio da Sa\u00fade. As proje\u00e7\u00f5es n\u00e3o s\u00e3o otimistas: esse n\u00famero deve triplicar at\u00e9 2050.<\/span><\/p>\n<p><span style=\"font-weight: 400;\">Diante desse cen\u00e1rio, \u00e9 crucial compreender a condi\u00e7\u00e3o, seus tipos, causas e tratamentos dispon\u00edveis.<\/span><\/p>\n<h2><b>O que \u00e9 Dem\u00eancia?<\/b><\/h2>\n<p><span style=\"font-weight: 400;\">A dem\u00eancia \u00e9 caracterizada por um conjunto de condi\u00e7\u00f5es neurodegenerativas cr\u00f4nicas e progressivas.<\/span><\/p>\n<p><span style=\"font-weight: 400;\">&#8220;A dem\u00eancia afeta habilidades cognitivas, como mem\u00f3ria, racioc\u00ednio, capacidade de tomar decis\u00f5es e habilidades de comunica\u00e7\u00e3o, a ponto de interferir nas atividades di\u00e1rias de uma pessoa&#8221;, explica o Dr. Luiz Antonio Gil Jr., m\u00e9dico especialista em geriatria e Doutor pela USP.<\/span><\/p>\n<p><span style=\"font-weight: 400;\">O diagn\u00f3stico e tratamento precoce s\u00e3o essenciais para garantir melhor qualidade de vida e retardar o decl\u00ednio cognitivo.<\/span><\/p>\n<h2><b>Tipos Mais Comuns de Dem\u00eancias<\/b><\/h2>\n<p><span style=\"font-weight: 400;\">As s\u00edndromes demenciais incluem diversas doen\u00e7as, algumas das mais comuns s\u00e3o:<\/span><\/p>\n<ol>\n<li style=\"font-weight: 400;\"><a href=\"https:\/\/bvsms.saude.gov.br\/doenca-de-alzheimer-3\/\" target=\"_blank\" rel=\"noopener\"><b>Doen\u00e7a de Alzheimer<\/b><\/a><span style=\"font-weight: 400;\">: desenvolve-se devido a altera\u00e7\u00f5es em certas prote\u00ednas do sistema nervoso central, afetando os neur\u00f4nios. Caracteriza-se pela perda progressiva de mem\u00f3ria, dificuldade de concentra\u00e7\u00e3o, altera\u00e7\u00f5es comportamentais e dificuldades de comunica\u00e7\u00e3o.<\/span><\/li>\n<li style=\"font-weight: 400;\"><a href=\"https:\/\/www.bbc.com\/portuguese\/internacional-60922516\" target=\"_blank\" rel=\"noopener\"><b>Dem\u00eancia Vascular<\/b><span style=\"font-weight: 400;\">:<\/span><\/a><span style=\"font-weight: 400;\"> resulta de infartos cerebrais m\u00faltiplos ou les\u00f5es de pequenos vasos, comprometendo a integridade da subst\u00e2ncia branca e a comunica\u00e7\u00e3o entre diferentes regi\u00f5es cerebrais. Os sintomas podem variar conforme a \u00e1rea do c\u00e9rebro afetada, mas geralmente incluem dificuldades de racioc\u00ednio, problemas de fala e altera\u00e7\u00f5es de humor.<\/span><\/li>\n<li style=\"font-weight: 400;\"><a href=\"https:\/\/drauziovarella.uol.com.br\/doencas-e-sintomas\/demencia-por-corpos-de-lewy\/\" target=\"_blank\" rel=\"noopener\"><b>Dem\u00eancia com Corpos de Lewy<\/b><\/a><span style=\"font-weight: 400;\">: causada por dep\u00f3sitos anormais da prote\u00edna alfa-sinucle\u00edna no c\u00e9rebro. As manifesta\u00e7\u00f5es mais comuns incluem altera\u00e7\u00f5es de humor, alucina\u00e7\u00f5es, dificuldades de movimento e problemas de sono.<\/span><\/li>\n<li style=\"font-weight: 400;\"><a href=\"https:\/\/www.cnnbrasil.com.br\/saude\/entenda-o-que-e-a-demencia-frontotemporal-que-afeta-o-ator-bruce-willis\/\" target=\"_blank\" rel=\"noopener\"><b>Dem\u00eancia Frontotemporal<\/b><\/a><span style=\"font-weight: 400;\">: afeta as \u00e1reas do c\u00e9rebro respons\u00e1veis pelo controle de habilidades sociais, comportamentais e de linguagem. O ator Bruce Willis se aposentou em 2022 devido \u00e0 afasia, um dist\u00farbio de fala associado a essa dem\u00eancia.<\/span><\/li>\n<\/ol>\n<p><span style=\"font-weight: 400;\">Outros tipos de dem\u00eancias tamb\u00e9m s\u00e3o relatados na literatura m\u00e9dica. &#8220;Cada tipo de dem\u00eancia tem caracter\u00edsticas distintas em termos de sintomas, progress\u00e3o e tratamento&#8221;, ressalta o Dr. Luiz Antonio Gil Jr.<\/span><\/p>\n<h2><b>Tratamento da Dem\u00eancia<\/b><\/h2>\n<p><span style=\"font-weight: 400;\">Embora a dem\u00eancia n\u00e3o tenha cura, estrat\u00e9gias para reduzir ou retardar sua progress\u00e3o e melhorar a qualidade de vida s\u00e3o poss\u00edveis. Medicamentos, quando recomendados por especialistas, podem ser eficazes, dependendo do quadro cl\u00ednico e do tipo de dem\u00eancia. Abordagens como terapia ocupacional, atividade f\u00edsica e h\u00e1bitos saud\u00e1veis s\u00e3o ben\u00e9ficas, promovendo melhor qualidade de vida e aumentando a independ\u00eancia do paciente.<\/span><\/p>\n<h2><b>Curso Intensivo em Geriatria<\/b><\/h2>\n<p><span style=\"font-weight: 400;\">Para auxiliar no diagn\u00f3stico e tratamento adequado de dem\u00eancia, o Servi\u00e7o de Geriatria HCFMUSP, em conjunto com o HCX, promove o <\/span><a href=\"https:\/\/hcxfmusp.org.br\/portal\/online\/curso\/curso-intensivo-em-geriatria-cig-2024\/?\" target=\"_blank\" rel=\"noopener\"><span style=\"font-weight: 400;\">Curso Intensivo em Geriatria &#8211; CIG 2024<\/span><\/a><span style=\"font-weight: 400;\">. Em sua 12\u00aa edi\u00e7\u00e3o, a forma\u00e7\u00e3o inclui a &#8220;Atualiza\u00e7\u00e3o em Dem\u00eancias&#8221;, com um m\u00f3dulo espec\u00edfico sobre o tema e um workshop pr\u00e1tico para diagn\u00f3stico, uma novidade desta edi\u00e7\u00e3o.<\/span><\/p>\n<p><span style=\"font-weight: 400;\">O Curso Intensivo de Geriatria \u00e9 coordenado pelos Professores Drs. Wilson Jacob Filho, Luiz Antonio Gil Junior, Thiago Junqueira Avelino da Silva, Fl\u00e1via Campora e Eduardo Ferriolli, e \u00e9 uma oportunidade para m\u00e9dicos aperfei\u00e7oarem suas habilidades e aprenderem com especialistas renomados no Brasil e no exterior. Acesse a <\/span><a href=\"https:\/\/hcxfmusp.org.br\/portal\/online\/curso\/curso-intensivo-em-geriatria-cig-2024\/?\" target=\"_blank\" rel=\"noopener\"><span style=\"font-weight: 400;\">p\u00e1gina do Curso Intensivo em Geriatria<\/span><\/a><span style=\"font-weight: 400;\"> para mais informa\u00e7\u00f5es.<\/span><\/p>\n","protected":false},"excerpt":{"rendered":"<p>Estima-se que cerca de 2 milh\u00f5es de pessoas no Brasil tenham algum tipo de dem\u00eancia, conforme dados do Minist\u00e9rio da Sa\u00fade. As proje\u00e7\u00f5es n\u00e3o s\u00e3o otimistas: esse n\u00famero deve triplicar at\u00e9 2050. Diante desse cen\u00e1rio, \u00e9 crucial compreender a condi\u00e7\u00e3o, seus tipos, causas e tratamentos dispon\u00edveis. O que \u00e9 Dem\u00eancia? A dem\u00eancia \u00e9 caracterizada por [&hellip;]<\/p>\n","protected":false},"author":149398,"featured_media":390662,"comment_status":"closed","ping_status":"closed","sticky":false,"template":"","format":"standard","meta":{"footnotes":""},"categories":[390],"tags":[1106,1087,1107,156,1108],"class_list":["post-356954","post","type-post","status-publish","format-standard","has-post-thumbnail","hentry","category-blog","tag-cig-2024","tag-demencia","tag-geriatra","tag-geriatria","tag-saude-de-idosos"],"yoast_head":"<!-- This site is optimized with the Yoast SEO Premium plugin v23.5 (Yoast SEO v23.5) - https:\/\/yoast.com\/wordpress\/plugins\/seo\/ -->\n<title>Desmistificando a dem\u00eancia: compreendendo o quadro cl\u00ednico<\/title>\n<meta name=\"description\" content=\"Estima-se que cerca de 2 milh\u00f5es de pessoas no Brasil tenham algum tipo de dem\u00eancia. \u00c9 crucial compreender a condi\u00e7\u00e3o, causas e tratamentos.\" \/>\n<meta name=\"robots\" content=\"index, follow, max-snippet:-1, max-image-preview:large, max-video-preview:-1\" \/>\n<link rel=\"canonical\" href=\"https:\/\/hcxfmusp.org.br\/portal\/desmistificando-a-demencia\/\" \/>\n<meta property=\"og:locale\" content=\"pt_BR\" \/>\n<meta property=\"og:type\" content=\"article\" \/>\n<meta property=\"og:title\" content=\"Desmistificando a dem\u00eancia: compreendendo o quadro cl\u00ednico\" \/>\n<meta property=\"og:description\" content=\"Estima-se que cerca de 2 milh\u00f5es de pessoas no Brasil tenham algum tipo de dem\u00eancia. \u00c9 crucial compreender a condi\u00e7\u00e3o, causas e tratamentos.\" \/>\n<meta property=\"og:url\" content=\"https:\/\/hcxfmusp.org.br\/portal\/desmistificando-a-demencia\/\" \/>\n<meta property=\"og:site_name\" content=\"HCX - Portal\" \/>\n<meta property=\"article:publisher\" content=\"https:\/\/www.facebook.com\/hcxfmusp\" \/>\n<meta property=\"article:published_time\" content=\"2024-07-02T18:57:56+00:00\" \/>\n<meta property=\"article:modified_time\" content=\"2025-07-23T16:28:37+00:00\" \/>\n<meta property=\"og:image\" content=\"https:\/\/hcxfmusp.org.br\/portal\/wp-content\/uploads\/2024\/07\/Demencia.jpg\" \/>\n\t<meta property=\"og:image:width\" content=\"600\" \/>\n\t<meta property=\"og:image:height\" content=\"400\" \/>\n\t<meta property=\"og:image:type\" content=\"image\/jpeg\" \/>\n<meta name=\"author\" content=\"Edison Santos\" \/>\n<meta name=\"twitter:card\" content=\"summary_large_image\" \/>\n<meta name=\"twitter:label1\" content=\"Escrito por\" \/>\n\t<meta name=\"twitter:data1\" content=\"Edison Santos\" \/>\n\t<meta name=\"twitter:label2\" content=\"Est. tempo de leitura\" \/>\n\t<meta name=\"twitter:data2\" content=\"3 minutos\" \/>\n<script type=\"application\/ld+json\" class=\"yoast-schema-graph\">{\"@context\":\"https:\/\/schema.org\",\"@graph\":[{\"@type\":\"Article\",\"@id\":\"https:\/\/hcxfmusp.org.br\/portal\/desmistificando-a-demencia\/#article\",\"isPartOf\":{\"@id\":\"https:\/\/hcxfmusp.org.br\/portal\/desmistificando-a-demencia\/\"},\"author\":{\"name\":\"Edison Santos\",\"@id\":\"https:\/\/hcxfmusp.org.br\/portal\/#\/schema\/person\/86b8c6d856a60a08e0b1d9093f66e247\"},\"headline\":\"Desmistificando a dem\u00eancia: compreendendo o quadro cl\u00ednico\",\"datePublished\":\"2024-07-02T18:57:56+00:00\",\"dateModified\":\"2025-07-23T16:28:37+00:00\",\"mainEntityOfPage\":{\"@id\":\"https:\/\/hcxfmusp.org.br\/portal\/desmistificando-a-demencia\/\"},\"wordCount\":591,\"publisher\":{\"@id\":\"https:\/\/hcxfmusp.org.br\/portal\/#organization\"},\"image\":{\"@id\":\"https:\/\/hcxfmusp.org.br\/portal\/desmistificando-a-demencia\/#primaryimage\"},\"thumbnailUrl\":\"https:\/\/hcxfmusp.org.br\/portal\/wp-content\/uploads\/2024\/07\/Demencia.jpg\",\"keywords\":[\"CIG 2024\",\"dem\u00eancia\",\"Geriatra\",\"geriatria\",\"Sa\u00fade de idosos\"],\"articleSection\":[\"Blog\"],\"inLanguage\":\"pt-BR\"},{\"@type\":\"WebPage\",\"@id\":\"https:\/\/hcxfmusp.org.br\/portal\/desmistificando-a-demencia\/\",\"url\":\"https:\/\/hcxfmusp.org.br\/portal\/desmistificando-a-demencia\/\",\"name\":\"Desmistificando a dem\u00eancia: compreendendo o quadro cl\u00ednico\",\"isPartOf\":{\"@id\":\"https:\/\/hcxfmusp.org.br\/portal\/#website\"},\"primaryImageOfPage\":{\"@id\":\"https:\/\/hcxfmusp.org.br\/portal\/desmistificando-a-demencia\/#primaryimage\"},\"image\":{\"@id\":\"https:\/\/hcxfmusp.org.br\/portal\/desmistificando-a-demencia\/#primaryimage\"},\"thumbnailUrl\":\"https:\/\/hcxfmusp.org.br\/portal\/wp-content\/uploads\/2024\/07\/Demencia.jpg\",\"datePublished\":\"2024-07-02T18:57:56+00:00\",\"dateModified\":\"2025-07-23T16:28:37+00:00\",\"description\":\"Estima-se que cerca de 2 milh\u00f5es de pessoas no Brasil tenham algum tipo de dem\u00eancia. \u00c9 crucial compreender a condi\u00e7\u00e3o, causas e tratamentos.\",\"breadcrumb\":{\"@id\":\"https:\/\/hcxfmusp.org.br\/portal\/desmistificando-a-demencia\/#breadcrumb\"},\"inLanguage\":\"pt-BR\",\"potentialAction\":[{\"@type\":\"ReadAction\",\"target\":[\"https:\/\/hcxfmusp.org.br\/portal\/desmistificando-a-demencia\/\"]}]},{\"@type\":\"ImageObject\",\"inLanguage\":\"pt-BR\",\"@id\":\"https:\/\/hcxfmusp.org.br\/portal\/desmistificando-a-demencia\/#primaryimage\",\"url\":\"https:\/\/hcxfmusp.org.br\/portal\/wp-content\/uploads\/2024\/07\/Demencia.jpg\",\"contentUrl\":\"https:\/\/hcxfmusp.org.br\/portal\/wp-content\/uploads\/2024\/07\/Demencia.jpg\",\"width\":600,\"height\":400},{\"@type\":\"BreadcrumbList\",\"@id\":\"https:\/\/hcxfmusp.org.br\/portal\/desmistificando-a-demencia\/#breadcrumb\",\"itemListElement\":[{\"@type\":\"ListItem\",\"position\":1,\"name\":\"In\u00edcio\",\"item\":\"https:\/\/hcxfmusp.org.br\/portal\/\"},{\"@type\":\"ListItem\",\"position\":2,\"name\":\"Desmistificando a dem\u00eancia: compreendendo o quadro cl\u00ednico\"}]},{\"@type\":\"WebSite\",\"@id\":\"https:\/\/hcxfmusp.org.br\/portal\/#website\",\"url\":\"https:\/\/hcxfmusp.org.br\/portal\/\",\"name\":\"Portal\",\"description\":\"Portal - HCX Fmusp\",\"publisher\":{\"@id\":\"https:\/\/hcxfmusp.org.br\/portal\/#organization\"},\"potentialAction\":[{\"@type\":\"SearchAction\",\"target\":{\"@type\":\"EntryPoint\",\"urlTemplate\":\"https:\/\/hcxfmusp.org.br\/portal\/?s={search_term_string}\"},\"query-input\":{\"@type\":\"PropertyValueSpecification\",\"valueRequired\":true,\"valueName\":\"search_term_string\"}}],\"inLanguage\":\"pt-BR\"},{\"@type\":\"Organization\",\"@id\":\"https:\/\/hcxfmusp.org.br\/portal\/#organization\",\"name\":\"HCX Fmusp\",\"url\":\"https:\/\/hcxfmusp.org.br\/portal\/\",\"logo\":{\"@type\":\"ImageObject\",\"inLanguage\":\"pt-BR\",\"@id\":\"https:\/\/hcxfmusp.org.br\/portal\/#\/schema\/logo\/image\/\",\"url\":\"https:\/\/hcxfmusp.org.br\/portal\/wp-content\/uploads\/2024\/03\/logo-hcx-fmusp.png\",\"contentUrl\":\"https:\/\/hcxfmusp.org.br\/portal\/wp-content\/uploads\/2024\/03\/logo-hcx-fmusp.png\",\"width\":879,\"height\":384,\"caption\":\"HCX Fmusp\"},\"image\":{\"@id\":\"https:\/\/hcxfmusp.org.br\/portal\/#\/schema\/logo\/image\/\"},\"sameAs\":[\"https:\/\/www.facebook.com\/hcxfmusp\",\"https:\/\/www.instagram.com\/hcxfmusp\",\"https:\/\/www.linkedin.com\/company\/hcxfmusp\",\"https:\/\/www.youtube.com\/@hcxfmusp\"]},{\"@type\":\"Person\",\"@id\":\"https:\/\/hcxfmusp.org.br\/portal\/#\/schema\/person\/86b8c6d856a60a08e0b1d9093f66e247\",\"name\":\"Edison Santos\",\"image\":{\"@type\":\"ImageObject\",\"inLanguage\":\"pt-BR\",\"@id\":\"https:\/\/hcxfmusp.org.br\/portal\/#\/schema\/person\/image\/\",\"url\":\"https:\/\/secure.gravatar.com\/avatar\/790f7bae0ca261bddd5e09cdf11ff975e6755be9a16bef7887748bc0df442459?s=96&d=mm&r=g\",\"contentUrl\":\"https:\/\/secure.gravatar.com\/avatar\/790f7bae0ca261bddd5e09cdf11ff975e6755be9a16bef7887748bc0df442459?s=96&d=mm&r=g\",\"caption\":\"Edison Santos\"},\"url\":\"https:\/\/hcxfmusp.org.br\/portal\/author\/edison-santos\/\"}]}<\/script>\n<!-- \/ Yoast SEO Premium plugin. -->","yoast_head_json":{"title":"Desmistificando a dem\u00eancia: compreendendo o quadro cl\u00ednico","description":"Estima-se que cerca de 2 milh\u00f5es de pessoas no Brasil tenham algum tipo de dem\u00eancia. \u00c9 crucial compreender a condi\u00e7\u00e3o, causas e tratamentos.","robots":{"index":"index","follow":"follow","max-snippet":"max-snippet:-1","max-image-preview":"max-image-preview:large","max-video-preview":"max-video-preview:-1"},"canonical":"https:\/\/hcxfmusp.org.br\/portal\/desmistificando-a-demencia\/","og_locale":"pt_BR","og_type":"article","og_title":"Desmistificando a dem\u00eancia: compreendendo o quadro cl\u00ednico","og_description":"Estima-se que cerca de 2 milh\u00f5es de pessoas no Brasil tenham algum tipo de dem\u00eancia. \u00c9 crucial compreender a condi\u00e7\u00e3o, causas e tratamentos.","og_url":"https:\/\/hcxfmusp.org.br\/portal\/desmistificando-a-demencia\/","og_site_name":"HCX - Portal","article_publisher":"https:\/\/www.facebook.com\/hcxfmusp","article_published_time":"2024-07-02T18:57:56+00:00","article_modified_time":"2025-07-23T16:28:37+00:00","og_image":[{"width":600,"height":400,"url":"https:\/\/hcxfmusp.org.br\/portal\/wp-content\/uploads\/2024\/07\/Demencia.jpg","type":"image\/jpeg"}],"author":"Edison Santos","twitter_card":"summary_large_image","twitter_misc":{"Escrito por":"Edison Santos","Est. tempo de leitura":"3 minutos"},"schema":{"@context":"https:\/\/schema.org","@graph":[{"@type":"Article","@id":"https:\/\/hcxfmusp.org.br\/portal\/desmistificando-a-demencia\/#article","isPartOf":{"@id":"https:\/\/hcxfmusp.org.br\/portal\/desmistificando-a-demencia\/"},"author":{"name":"Edison Santos","@id":"https:\/\/hcxfmusp.org.br\/portal\/#\/schema\/person\/86b8c6d856a60a08e0b1d9093f66e247"},"headline":"Desmistificando a dem\u00eancia: compreendendo o quadro cl\u00ednico","datePublished":"2024-07-02T18:57:56+00:00","dateModified":"2025-07-23T16:28:37+00:00","mainEntityOfPage":{"@id":"https:\/\/hcxfmusp.org.br\/portal\/desmistificando-a-demencia\/"},"wordCount":591,"publisher":{"@id":"https:\/\/hcxfmusp.org.br\/portal\/#organization"},"image":{"@id":"https:\/\/hcxfmusp.org.br\/portal\/desmistificando-a-demencia\/#primaryimage"},"thumbnailUrl":"https:\/\/hcxfmusp.org.br\/portal\/wp-content\/uploads\/2024\/07\/Demencia.jpg","keywords":["CIG 2024","dem\u00eancia","Geriatra","geriatria","Sa\u00fade de idosos"],"articleSection":["Blog"],"inLanguage":"pt-BR"},{"@type":"WebPage","@id":"https:\/\/hcxfmusp.org.br\/portal\/desmistificando-a-demencia\/","url":"https:\/\/hcxfmusp.org.br\/portal\/desmistificando-a-demencia\/","name":"Desmistificando a dem\u00eancia: compreendendo o quadro cl\u00ednico","isPartOf":{"@id":"https:\/\/hcxfmusp.org.br\/portal\/#website"},"primaryImageOfPage":{"@id":"https:\/\/hcxfmusp.org.br\/portal\/desmistificando-a-demencia\/#primaryimage"},"image":{"@id":"https:\/\/hcxfmusp.org.br\/portal\/desmistificando-a-demencia\/#primaryimage"},"thumbnailUrl":"https:\/\/hcxfmusp.org.br\/portal\/wp-content\/uploads\/2024\/07\/Demencia.jpg","datePublished":"2024-07-02T18:57:56+00:00","dateModified":"2025-07-23T16:28:37+00:00","description":"Estima-se que cerca de 2 milh\u00f5es de pessoas no Brasil tenham algum tipo de dem\u00eancia. \u00c9 crucial compreender a condi\u00e7\u00e3o, causas e tratamentos.","breadcrumb":{"@id":"https:\/\/hcxfmusp.org.br\/portal\/desmistificando-a-demencia\/#breadcrumb"},"inLanguage":"pt-BR","potentialAction":[{"@type":"ReadAction","target":["https:\/\/hcxfmusp.org.br\/portal\/desmistificando-a-demencia\/"]}]},{"@type":"ImageObject","inLanguage":"pt-BR","@id":"https:\/\/hcxfmusp.org.br\/portal\/desmistificando-a-demencia\/#primaryimage","url":"https:\/\/hcxfmusp.org.br\/portal\/wp-content\/uploads\/2024\/07\/Demencia.jpg","contentUrl":"https:\/\/hcxfmusp.org.br\/portal\/wp-content\/uploads\/2024\/07\/Demencia.jpg","width":600,"height":400},{"@type":"BreadcrumbList","@id":"https:\/\/hcxfmusp.org.br\/portal\/desmistificando-a-demencia\/#breadcrumb","itemListElement":[{"@type":"ListItem","position":1,"name":"In\u00edcio","item":"https:\/\/hcxfmusp.org.br\/portal\/"},{"@type":"ListItem","position":2,"name":"Desmistificando a dem\u00eancia: compreendendo o quadro cl\u00ednico"}]},{"@type":"WebSite","@id":"https:\/\/hcxfmusp.org.br\/portal\/#website","url":"https:\/\/hcxfmusp.org.br\/portal\/","name":"Portal","description":"Portal - HCX Fmusp","publisher":{"@id":"https:\/\/hcxfmusp.org.br\/portal\/#organization"},"potentialAction":[{"@type":"SearchAction","target":{"@type":"EntryPoint","urlTemplate":"https:\/\/hcxfmusp.org.br\/portal\/?s={search_term_string}"},"query-input":{"@type":"PropertyValueSpecification","valueRequired":true,"valueName":"search_term_string"}}],"inLanguage":"pt-BR"},{"@type":"Organization","@id":"https:\/\/hcxfmusp.org.br\/portal\/#organization","name":"HCX Fmusp","url":"https:\/\/hcxfmusp.org.br\/portal\/","logo":{"@type":"ImageObject","inLanguage":"pt-BR","@id":"https:\/\/hcxfmusp.org.br\/portal\/#\/schema\/logo\/image\/","url":"https:\/\/hcxfmusp.org.br\/portal\/wp-content\/uploads\/2024\/03\/logo-hcx-fmusp.png","contentUrl":"https:\/\/hcxfmusp.org.br\/portal\/wp-content\/uploads\/2024\/03\/logo-hcx-fmusp.png","width":879,"height":384,"caption":"HCX Fmusp"},"image":{"@id":"https:\/\/hcxfmusp.org.br\/portal\/#\/schema\/logo\/image\/"},"sameAs":["https:\/\/www.facebook.com\/hcxfmusp","https:\/\/www.instagram.com\/hcxfmusp","https:\/\/www.linkedin.com\/company\/hcxfmusp","https:\/\/www.youtube.com\/@hcxfmusp"]},{"@type":"Person","@id":"https:\/\/hcxfmusp.org.br\/portal\/#\/schema\/person\/86b8c6d856a60a08e0b1d9093f66e247","name":"Edison Santos","image":{"@type":"ImageObject","inLanguage":"pt-BR","@id":"https:\/\/hcxfmusp.org.br\/portal\/#\/schema\/person\/image\/","url":"https:\/\/secure.gravatar.com\/avatar\/790f7bae0ca261bddd5e09cdf11ff975e6755be9a16bef7887748bc0df442459?s=96&d=mm&r=g","contentUrl":"https:\/\/secure.gravatar.com\/avatar\/790f7bae0ca261bddd5e09cdf11ff975e6755be9a16bef7887748bc0df442459?s=96&d=mm&r=g","caption":"Edison Santos"},"url":"https:\/\/hcxfmusp.org.br\/portal\/author\/edison-santos\/"}]}},"_links":{"self":[{"href":"https:\/\/hcxfmusp.org.br\/portal\/wp-json\/wp\/v2\/posts\/356954","targetHints":{"allow":["GET"]}}],"collection":[{"href":"https:\/\/hcxfmusp.org.br\/portal\/wp-json\/wp\/v2\/posts"}],"about":[{"href":"https:\/\/hcxfmusp.org.br\/portal\/wp-json\/wp\/v2\/types\/post"}],"author":[{"embeddable":true,"href":"https:\/\/hcxfmusp.org.br\/portal\/wp-json\/wp\/v2\/users\/149398"}],"replies":[{"embeddable":true,"href":"https:\/\/hcxfmusp.org.br\/portal\/wp-json\/wp\/v2\/comments?post=356954"}],"version-history":[{"count":1,"href":"https:\/\/hcxfmusp.org.br\/portal\/wp-json\/wp\/v2\/posts\/356954\/revisions"}],"predecessor-version":[{"id":390663,"href":"https:\/\/hcxfmusp.org.br\/portal\/wp-json\/wp\/v2\/posts\/356954\/revisions\/390663"}],"wp:featuredmedia":[{"embeddable":true,"href":"https:\/\/hcxfmusp.org.br\/portal\/wp-json\/wp\/v2\/media\/390662"}],"wp:attachment":[{"href":"https:\/\/hcxfmusp.org.br\/portal\/wp-json\/wp\/v2\/media?parent=356954"}],"wp:term":[{"taxonomy":"category","embeddable":true,"href":"https:\/\/hcxfmusp.org.br\/portal\/wp-json\/wp\/v2\/categories?post=356954"},{"taxonomy":"post_tag","embeddable":true,"href":"https:\/\/hcxfmusp.org.br\/portal\/wp-json\/wp\/v2\/tags?post=356954"}],"curies":[{"name":"wp","href":"https:\/\/api.w.org\/{rel}","templated":true}]}}