{"id":393785,"date":"2026-08-31T10:52:39","date_gmt":"2026-08-31T13:52:39","guid":{"rendered":"https:\/\/hcxfmusp.org.br\/portal\/?p=393785"},"modified":"2026-08-31T10:54:36","modified_gmt":"2026-08-31T13:54:36","slug":"mba-na-area-da-saude","status":"publish","type":"post","link":"https:\/\/hcxfmusp.org.br\/portal\/mba-na-area-da-saude\/","title":{"rendered":"MBA na \u00e1rea da sa\u00fade: quais s\u00e3o, como escolher e onde estudar"},"content":{"rendered":"<p><span style=\"font-weight: 400\"><img fetchpriority=\"high\" decoding=\"async\" class=\"alignnone wp-image-393786 size-full\" src=\"https:\/\/hcxfmusp.org.br\/portal\/wp-content\/uploads\/2026\/08\/Gestao_em_saude.png\" alt=\"\" width=\"1300\" height=\"400\" srcset=\"https:\/\/hcxfmusp.org.br\/portal\/wp-content\/uploads\/2026\/08\/Gestao_em_saude.png 1300w, https:\/\/hcxfmusp.org.br\/portal\/wp-content\/uploads\/2026\/08\/Gestao_em_saude-300x92.png 300w, https:\/\/hcxfmusp.org.br\/portal\/wp-content\/uploads\/2026\/08\/Gestao_em_saude-1024x315.png 1024w, https:\/\/hcxfmusp.org.br\/portal\/wp-content\/uploads\/2026\/08\/Gestao_em_saude-768x236.png 768w\" sizes=\"(max-width: 1300px) 100vw, 1300px\" \/><\/span><\/p>\n<p><span style=\"font-weight: 400\">O mercado tem buscado cada vez mais profissionais com MBA na \u00e1rea da sa\u00fade, e as oportunidades de crescimento, reconhecimento e desenvolvimento de carreira para quem investe nessa forma\u00e7\u00e3o s\u00e3o cada vez mais expressivas.<\/span><\/p>\n<p><span style=\"font-weight: 400\">Para se ter uma ideia, ao fim de 2025, a cadeia produtiva da sa\u00fade alcan\u00e7ou 5,28 milh\u00f5es de v\u00ednculos formais de trabalho, evidenciando a crescente demanda por profissionais capacitados para atuar na gest\u00e3o do setor. Os dados s\u00e3o do <\/span><a href=\"https:\/\/www.iess.org.br\/sites\/default\/files\/2026-02\/RECS79.pdf\" target=\"_blank\" rel=\"noopener\"><span style=\"font-weight: 400\">Relat\u00f3rio do Emprego na Cadeia Produtiva da Sa\u00fade (RECS 79)<\/span><\/a><span style=\"font-weight: 400\">, do Instituto de Estudos de Sa\u00fade Suplementar (IESS).<\/span><\/p>\n<p><span style=\"font-weight: 400\">Este especial responde \u00e0s principais d\u00favidas sobre o MBA na \u00e1rea da sa\u00fade e explica como uma forma\u00e7\u00e3o especializada pode contribuir para o desenvolvimento da carreira na \u00e1rea da sa\u00fade. Entenda desde para quem \u00e9 indicado, quais s\u00e3o as principais \u00e1reas de especializa\u00e7\u00e3o e como escolher o curso certo para avan\u00e7ar na carreira.<\/span><\/p>\n<h2><strong><span style=\"color: #005f61\">O que \u00e9 um MBA na \u00e1rea da sa\u00fade?\u00a0<\/span><\/strong><\/h2>\n<p><span style=\"font-weight: 400\">Diferentemente de uma especializa\u00e7\u00e3o voltada \u00e0 pr\u00e1tica cl\u00ednica ou assistencial, o MBA na \u00e1rea da sa\u00fade tem como foco o desenvolvimento de compet\u00eancias para a gest\u00e3o, a lideran\u00e7a e a tomada de decis\u00f5es no setor.\u00a0<\/span><\/p>\n<p><span style=\"font-weight: 400\">Segundo Maria Alice Mendes, mestre em Pol\u00edticas P\u00fablicas em Educa\u00e7\u00e3o, o objetivo \u00e9 &#8220;preparar lideran\u00e7as de diversos perfis e skills para atuar na gest\u00e3o do ecossistema da sa\u00fade&#8221;.\u00a0<\/span><\/p>\n<p><span style=\"font-weight: 400\">A forma\u00e7\u00e3o prepara o profissional para os diferentes desafios da sa\u00fade, entregando ferramentas para tomar decis\u00f5es estrat\u00e9gicas, gerar resultados no setor e ser reconhecido.\u00a0<\/span><\/p>\n<h2><strong><span style=\"color: #005f61\">Quem deve fazer um MBA na \u00e1rea da sa\u00fade?<\/span><\/strong><\/h2>\n<p><span style=\"font-weight: 400\">O MBA na \u00e1rea da sa\u00fade n\u00e3o \u00e9 recomendado apenas a m\u00e9dicos ou enfermeiros. Se voc\u00ea atua ou deseja atuar em posi\u00e7\u00f5es estrat\u00e9gicas de lideran\u00e7a e gest\u00e3o, essa forma\u00e7\u00e3o pode ser indicada, seja como:\u00a0<\/span><\/p>\n<ul>\n<li style=\"font-weight: 400\"><span style=\"font-weight: 400\">Gestores hospitalares e de cl\u00ednicas;<\/span><\/li>\n<li style=\"font-weight: 400\"><span style=\"font-weight: 400\">Profissionais da administra\u00e7\u00e3o em sa\u00fade;<\/span><\/li>\n<li style=\"font-weight: 400\"><span style=\"font-weight: 400\">Profissionais que atuam em healthtechs;<\/span><\/li>\n<li style=\"font-weight: 400\"><span style=\"font-weight: 400\">Profissionais da ind\u00fastria farmac\u00eautica e de dispositivos m\u00e9dicos;<\/span><\/li>\n<li style=\"font-weight: 400\"><span style=\"font-weight: 400\">Gestores de operadoras de sa\u00fade;<\/span><\/li>\n<li style=\"font-weight: 400\"><span style=\"font-weight: 400\">Pesquisadores;<\/span><\/li>\n<li style=\"font-weight: 400\"><span style=\"font-weight: 400\">Profissionais interessados na \u00e1rea de tecnologia;\u00a0<\/span><\/li>\n<li style=\"font-weight: 400\"><span style=\"font-weight: 400\">Empreendedores do setor;<\/span><\/li>\n<li style=\"font-weight: 400\"><span style=\"font-weight: 400\">Outros profissionais que possuam experi\u00eancia ou interesse em desenvolver carreira no ecossistema da sa\u00fade.<\/span><\/li>\n<\/ul>\n<h2><strong><span style=\"color: #005f61\">Como escolher o MBA certo na \u00e1rea da sa\u00fade<\/span><\/strong><\/h2>\n<p><span style=\"font-weight: 400\">Mesmo com tantas op\u00e7\u00f5es dispon\u00edveis, escolher o MBA ideal pode ser mais simples do que parece. O primeiro passo \u00e9 refletir sobre seus objetivos de carreira e identificar quais compet\u00eancias voc\u00ea deseja desenvolver. Para ajudar nessa decis\u00e3o, reunimos algumas perguntas que podem orientar sua escolha.\u00a0<\/span><\/p>\n<p><span style=\"font-weight: 400\">Um bom come\u00e7o \u00e9 se questionar sobre:\u00a0<\/span><\/p>\n<ul>\n<li style=\"font-weight: 400\"><b>Qual \u00e9 o seu objetivo de carreira?<\/b><span style=\"font-weight: 400\"> se especializar ou assumir um novo desafio, mudar de \u00e1rea ou evoluir na carreira?<\/span><\/li>\n<li style=\"font-weight: 400\"><b>Voc\u00ea j\u00e1 tem viv\u00eancia no setor de sa\u00fade?<\/b><span style=\"font-weight: 400\"> Para a maioria dos MBAs isso n\u00e3o \u00e9 obrigat\u00f3rio, mas a vis\u00e3o aprofundada do segmento permite aproveitar melhor os casos e benchmarks, sendo majoritariamente do setor.\u00a0<\/span><\/li>\n<li style=\"font-weight: 400\"><b>Em d\u00favida entre dois cursos? <\/b><span style=\"font-weight: 400\">Converse com a coordena\u00e7\u00e3o do programa que deseja para entender qual se alinha melhor \u00e0 sua necessidade.\u00a0<\/span><\/li>\n<\/ul>\n<p><span style=\"font-weight: 400\">\u00a0&#8220;A escolha de um MBA n\u00e3o deve considerar apenas o momento atual da carreira. \u00c9 importante entender quais desafios o profissional enfrenta hoje e onde pretende chegar nos pr\u00f3ximos anos\u201d, explica Maria Alice.\u00a0<\/span><\/p>\n<p><span style=\"font-weight: 400\">Se busca um MBA na \u00e1rea d<\/span><\/p>\n<h2><span style=\"color: #005f61\"><strong>Quais s\u00e3o as tend\u00eancias do mercado da sa\u00fade?\u00a0<\/strong><\/span><\/h2>\n<p><span style=\"font-weight: 400\">a sa\u00fade, \u00e9 importante entender as transforma\u00e7\u00f5es que v\u00eam remodelando o setor. Entre elas est\u00e3o:\u00a0<\/span><\/p>\n<ul>\n<li style=\"font-weight: 400\"><span style=\"font-weight: 400\">Envelhecimento acelerado da popula\u00e7\u00e3o;<\/span><\/li>\n<li style=\"font-weight: 400\"><span style=\"font-weight: 400\">Avan\u00e7o da intelig\u00eancia artificial e da sa\u00fade digital;<\/span><\/li>\n<li style=\"font-weight: 400\"><span style=\"font-weight: 400\">Aumento cont\u00ednuo dos custos assistenciais;<\/span><\/li>\n<li style=\"font-weight: 400\"><span style=\"font-weight: 400\">Press\u00e3o para sustentabilidade das organiza\u00e7\u00f5es;\u00a0\u00a0<\/span><\/li>\n<li style=\"font-weight: 400\"><span style=\"font-weight: 400\">Tomada de decis\u00e3o baseada em dados.<\/span><\/li>\n<\/ul>\n<p><span style=\"font-weight: 400\">Diante desse cen\u00e1rio, voc\u00ea precisa ir al\u00e9m da rotina operacional e assumir posi\u00e7\u00f5es estrat\u00e9gicas de gest\u00e3o. &#8220;A press\u00e3o sobre os sistemas de sa\u00fade exige uma gest\u00e3o cada vez mais preparada e estrat\u00e9gica\u201d, comenta a gestora.\u00a0\u00a0<\/span><\/p>\n<h2><span style=\"color: #005f61\"><strong>Onde estudar<\/strong><\/span><\/h2>\n<p><span style=\"font-weight: 400\">Uma excelente op\u00e7\u00e3o \u00e9 o HCX Fmusp, centro de ensino do Hospital das Cl\u00ednicas da USP \u2014 o maior complexo hospitalar da Am\u00e9rica Latina.\u00a0<\/span><\/p>\n<p><span style=\"font-weight: 400\">Os MBAs s\u00e3o desenvolvidos a partir da experi\u00eancia de grandes gestores da sa\u00fade no Brasil, com docentes de destaque que atuam nos setores p\u00fablico e privado.<\/span><\/p>\n<p><span style=\"font-weight: 400\">O curr\u00edculo combina conhecimento estrat\u00e9gico e aplica\u00e7\u00e3o pr\u00e1tica, levando estruturas e ferramentas de gest\u00e3o para desafios reais, em organiza\u00e7\u00f5es p\u00fablicas e privadas.<\/span><\/p>\n<p><span style=\"font-weight: 400\">\u00a0A forma\u00e7\u00e3o valoriza a colabora\u00e7\u00e3o, a diversidade de perspectivas e a troca de conhecimento para desenvolver solu\u00e7\u00f5es aplic\u00e1veis e gerar impacto no ecossistema da sa\u00fade.\u00a0<\/span><\/p>\n<p><span style=\"font-weight: 400\">\u201cA gente trabalha com essa abordagem te\u00f3rico-pr\u00e1tica; compartilhar casos de processos, experi\u00eancias e gerar valor para a tomada de decis\u00e3o imediata\u201d, destaca Maria Alice, tamb\u00e9m gestora do programa de MBAs.\u00a0<\/span><\/p>\n<p><span style=\"font-weight: 400\">Outros diferenciais s\u00e3o:<\/span><\/p>\n<ul>\n<li><b>Experi\u00eancia, know-how e casu\u00edstica do maior hospital de alta complexidade da Am\u00e9rica Latina:<\/b><span style=\"font-weight: 400\"> conte\u00fado baseado no conhecimento t\u00e9cnico-cient\u00edfico, na experi\u00eancia assistencial e nos avan\u00e7os tecnol\u00f3gicos desenvolvidos no ecossistema do HC.<\/span><\/li>\n<li><b>Aplicabilidade real \u00e0 \u00e1rea da sa\u00fade: <\/b><span style=\"font-weight: 400\">estudos de caso, experi\u00eancias pr\u00e1ticas e discuss\u00f5es orientadas a desafios reais, contribuindo para a tomada de decis\u00e3o no cotidiano da gest\u00e3o em sa\u00fade.<\/span><\/li>\n<li><b>Mentoring Application Plan:<\/b> cada aluno desenvolve uma proposta real de interven\u00e7\u00e3o \u2014 que pode envolver uma nova solu\u00e7\u00e3o, produto ou neg\u00f3cio \u2014 com acompanhamento e mentoria de especialistas.<\/li>\n<li><b>Parceria com o InovaHC e networking:<\/b> alguns programas contam com a parceria do N\u00facleo de Inova\u00e7\u00e3o do HCFMUSP, o InovaHC, ampliando o contato com especialistas, profissionais e iniciativas do ecossistema de inova\u00e7\u00e3o em sa\u00fade e fortalecendo a rede de conex\u00f5es dos alunos.<\/li>\n<li><b>Corpo docente de alto n\u00edvel: <\/b>professores e especialistas com s\u00f3lida forma\u00e7\u00e3o acad\u00eamica e experi\u00eancia pr\u00e1tica em gest\u00e3o, sa\u00fade e inova\u00e7\u00e3o.<\/li>\n<li><b>Metodologia de excel\u00eancia: <\/b>combina\u00e7\u00e3o equilibrada entre conte\u00fado te\u00f3rico, aplica\u00e7\u00e3o pr\u00e1tica, intera\u00e7\u00e3o e troca de experi\u00eancias, proporcionando uma forma\u00e7\u00e3o conectada aos desafios reais do setor.<\/li>\n<li><b>Chancela HCFMUSP:<\/b> uma forma\u00e7\u00e3o vinculada \u00e0 experi\u00eancia, \u00e0 produ\u00e7\u00e3o de conhecimento e \u00e0 excel\u00eancia de uma das principais institui\u00e7\u00f5es de sa\u00fade do pa\u00eds.<\/li>\n<li><b>Forma\u00e7\u00e3o para transforma\u00e7\u00e3o: <\/b>al\u00e9m do desenvolvimento t\u00e9cnico e cient\u00edfico, os MBAs estimulam o desenvolvimento de compet\u00eancias profissionais e pessoais, preparando o aluno para ampliar sua atua\u00e7\u00e3o e gerar impacto no setor da sa\u00fade.<\/li>\n<\/ul>\n<p><b>O nosso compromisso \u00e9 com as pessoas e com a efici\u00eancia da sa\u00fade!<\/b><\/p>\n<h2><strong><span style=\"color: #005f61\">Principais \u00e1reas de MBA em sa\u00fade<\/span><\/strong><\/h2>\n<h3><span style=\"color: #005f61\"><strong>MBA em Pol\u00edticas P\u00fablicas na Sa\u00fade<\/strong><\/span><\/h3>\n<p><span style=\"font-weight: 400\">O MBA em Pol\u00edticas P\u00fablicas na Sa\u00fade do HCX Fmusp nasceu dos desafios reais enfrentados pelo HCFMUSP e pelas secretarias municipais de sa\u00fade brasileiras.<\/span><\/p>\n<p><span style=\"font-weight: 400\">\u00c9 o \u00fanico MBA em Pol\u00edticas P\u00fablicas na Sa\u00fade com a chancela do maior complexo hospitalar da Am\u00e9rica Latina, combinando casos reais, coordena\u00e7\u00e3o de profissionais que atuam na gest\u00e3o do sistema de sa\u00fade e mentoria do InovaHC \u2013 N\u00facleo de Inova\u00e7\u00e3o do HCFMUSP.<\/span><\/p>\n<p><span style=\"font-weight: 400\">A sa\u00fade p\u00fablica brasileira enfrenta desafios cada vez mais complexos, mas ainda faltam profissionais preparados para transform\u00e1-los em estrat\u00e9gias e solu\u00e7\u00f5es de impacto.<\/span><\/p>\n<p><b>O que voc\u00ea desenvolve no MBA:<\/b><\/p>\n<p><b>An\u00e1lise de cen\u00e1rios e desafios em sa\u00fade:<\/b><span style=\"font-weight: 400\"> interprete contextos pol\u00edticos, econ\u00f4micos, sociais e institucionais que impactam a sa\u00fade p\u00fablica e orientam a tomada de decis\u00e3o.<\/span><\/p>\n<p><b>Formula\u00e7\u00e3o de pol\u00edticas p\u00fablicas:<\/b><span style=\"font-weight: 400\"> transforme problemas complexos de sa\u00fade em pol\u00edticas, programas e estrat\u00e9gias estruturadas.<\/span><\/p>\n<p><b>Implementa\u00e7\u00e3o e gest\u00e3o de pol\u00edticas:<\/b><span style=\"font-weight: 400\"> desenvolva compet\u00eancias para planejar, executar, monitorar e avaliar pol\u00edticas p\u00fablicas, conectando estrat\u00e9gia \u00e0 pr\u00e1tica e aos resultados.<\/span><\/p>\n<p><b>Gest\u00e3o estrat\u00e9gica do sistema de sa\u00fade:<\/b><span style=\"font-weight: 400\"> compreenda os diferentes atores, estruturas e rela\u00e7\u00f5es do sistema de sa\u00fade para tomar decis\u00f5es de forma integrada e estrat\u00e9gica.<\/span><\/p>\n<p><b>Lideran\u00e7a e transforma\u00e7\u00e3o em sa\u00fade:<\/b><span style=\"font-weight: 400\"> fortale\u00e7a a capacidade de liderar mudan\u00e7as, articular diferentes interesses e desenvolver solu\u00e7\u00f5es de impacto para os desafios da sa\u00fade p\u00fablica.<\/span><\/p>\n<p><span style=\"font-weight: 400\">A coordena\u00e7\u00e3o \u00e9 de experts: Prof. Haino Burmester e Prof\u00aa Maria Aparecida Novaes, com vasta experi\u00eancia no HCFMUSP e na Secretaria da Sa\u00fade de S\u00e3o Paulo.<\/span><\/p>\n<p><span style=\"font-weight: 400\">Acesse a <\/span><a href=\"https:\/\/ensino.hcxfmusp.org.br\/online\/mba-em-politicas-publicas-na-saude\/p\"><span style=\"font-weight: 400\">p\u00e1gina do MBA em Pol\u00edticas P\u00fablicas na Sa\u00fade<\/span><\/a><span style=\"font-weight: 400\"> e saiba mais!<\/span><\/p>\n<h3><span style=\"color: #005f61\"><strong>MBA em Capta\u00e7\u00e3o de Recursos em Sa\u00fade<\/strong><\/span><\/h3>\n<p><span style=\"font-weight: 400\">Hospitais filantr\u00f3picos respondem pela maior parte dos atendimentos do SUS no Brasil. Mas a tabela de remunera\u00e7\u00e3o do SUS n\u00e3o \u00e9 atualizada h\u00e1 mais de duas d\u00e9cadas. Esse descompasso criou uma crise estrutural de financiamento e que s\u00f3 vai se resolver com profissionais capazes de captar recursos de forma estrat\u00e9gica, \u00e9tica e sustent\u00e1vel.<\/span><\/p>\n<p><span style=\"font-weight: 400\">O MBA em Capta\u00e7\u00e3o de Recursos em Sa\u00fade nasceu dos desafios reais do HCFMUSP.. \u00c9 desenvolvido pelos melhores profissionais do HC e da Faculdade de Medicina da USP, em parceria com experts do mercado.<\/span><\/p>\n<p><b>O que voc\u00ea desenvolve no MBA:<\/b><\/p>\n<ul>\n<li><b>Estrat\u00e9gias de capta\u00e7\u00e3o de recursos:<\/b><span style=\"font-weight: 400\"> aprenda a identificar fontes de financiamento e estruturar estrat\u00e9gias para ampliar a capacidade de capta\u00e7\u00e3o das organiza\u00e7\u00f5es de sa\u00fade.<\/span><\/li>\n<\/ul>\n<ul>\n<li><b>Elabora\u00e7\u00e3o e gest\u00e3o de projetos: <\/b><span style=\"font-weight: 400\">desenvolva compet\u00eancias para transformar necessidades da institui\u00e7\u00e3o em projetos estruturados e aptos \u00e0 busca de recursos.<\/span><\/li>\n<\/ul>\n<ul>\n<li><b>Vis\u00e3o estrat\u00e9gica e financeira: <\/b><span style=\"font-weight: 400\">compreenda os aspectos financeiros, institucionais e estrat\u00e9gicos que influenciam a sustentabilidade das organiza\u00e7\u00f5es.<\/span><\/li>\n<\/ul>\n<ul>\n<li><b>Capta\u00e7\u00e3o \u00e9tica e sustent\u00e1vel: <\/b><span style=\"font-weight: 400\">aprenda a construir estrat\u00e9gias alinhadas \u00e0 governan\u00e7a, \u00e0 transpar\u00eancia e aos objetivos institucionais.<\/span><\/li>\n<\/ul>\n<ul>\n<li><b>Aplica\u00e7\u00e3o pr\u00e1tica na sa\u00fade: <\/b><span style=\"font-weight: 400\">conecte o conhecimento \u00e0s necessidades reais de organiza\u00e7\u00f5es p\u00fablicas, privadas e do terceiro setor.<\/span><\/li>\n<\/ul>\n<p><span style=\"font-weight: 400\">O objetivo \u00e9 formar gestores \u00e9ticos, estrat\u00e9gicos e comprometidos com a sustentabilidade de organiza\u00e7\u00f5es p\u00fablicas, privadas e do terceiro setor, capazes de atuar com efici\u00eancia na capta\u00e7\u00e3o de recursos financeiros para a sa\u00fade.\u00a0<\/span><\/p>\n<p><span style=\"font-weight: 400\">A coordena\u00e7\u00e3o \u00e9 do Prof. Dr. Everson Artifon, com Mariana Gon\u00e7alves Magon como vice-coordenadora, \u00e0 frente de um time de refer\u00eancia formado por m\u00e9dicos, gestores e especialistas de institui\u00e7\u00f5es como Hospital das Cl\u00ednicas da USP, Faculdade de Medicina da USP e InCor.\u00a0<\/span><\/p>\n<p><span style=\"font-weight: 400\">Acesse a <\/span><a href=\"https:\/\/ensino.hcxfmusp.org.br\/online\/mba-em-captacao-de-recursos-em-saude\/p\"><span style=\"font-weight: 400\">p\u00e1gina do MBA em Capta\u00e7\u00e3o de Recursos em Sa\u00fade<\/span><\/a><span style=\"font-weight: 400\"> e saiba mais!<\/span><\/p>\n<h2><span style=\"font-weight: 400;color: #005f61\">MBAs com selo HC L\u00edder<\/span><\/h2>\n<p><span style=\"font-weight: 400\">O HC L\u00edder \u00e9 um programa de l\u00edderes de alto desempenho estruturado em torno de cinco pilares &#8211;\u00a0 Lideran\u00e7a, Inova\u00e7\u00e3o, Desempenho, Experi\u00eancia e Reconhecimento, que d\u00e3o nome ao programa. \u00c9 composto por quatro MBAs, com dura\u00e7\u00e3o de 12 meses cada um.\u00a0<\/span><\/p>\n<h3><strong><span style=\"color: #005f61\">MBA em Gest\u00e3o em Sa\u00fade<\/span><\/strong><\/h3>\n<p><span style=\"font-weight: 400\">O MBA em Gest\u00e3o em Sa\u00fade do HCX Fmusp prepara profissionais para <\/span><b>planejar, implementar e liderar iniciativas estrat\u00e9gicas<\/b><span style=\"font-weight: 400\">, com foco em efici\u00eancia, sustentabilidade, inova\u00e7\u00e3o e qualidade do cuidado.<\/span><\/p>\n<p><span style=\"font-weight: 400\">Com base na experi\u00eancia e no modelo de gest\u00e3o do HCFMUSP, a forma\u00e7\u00e3o conecta conhecimento estrat\u00e9gico \u00e0 pr\u00e1tica das organiza\u00e7\u00f5es de sa\u00fade, preparando voc\u00ea para atuar nos setores <\/span><b>p\u00fablico, privado e terceiro setor<\/b><span style=\"font-weight: 400\"> e tomar decis\u00f5es mais assertivas diante dos desafios da gest\u00e3o.<\/span><\/p>\n<p><b>O que voc\u00ea desenvolve no MBA:<\/b><\/p>\n<ul>\n<li style=\"font-weight: 400\"><b>Vis\u00e3o estrat\u00e9gica de gest\u00e3o:<\/b><span style=\"font-weight: 400\"> desenvolva compet\u00eancias para analisar cen\u00e1rios, definir prioridades e tomar decis\u00f5es alinhadas aos objetivos da organiza\u00e7\u00e3o.<\/span><\/li>\n<li style=\"font-weight: 400\"><b>Gest\u00e3o orientada a resultados:<\/b><span style=\"font-weight: 400\"> aprenda a estruturar processos e iniciativas que promovam efici\u00eancia, sustentabilidade e melhoria cont\u00ednua.<\/span><\/li>\n<li style=\"font-weight: 400\"><b>Lideran\u00e7a e tomada de decis\u00e3o:<\/b><span style=\"font-weight: 400\"> desenvolva as compet\u00eancias necess\u00e1rias para liderar equipes, projetos e mudan\u00e7as em organiza\u00e7\u00f5es de sa\u00fade.<\/span><\/li>\n<li style=\"font-weight: 400\"><b>Aplica\u00e7\u00e3o pr\u00e1tica:<\/b><span style=\"font-weight: 400\"> conecte conceitos de gest\u00e3o aos desafios reais do setor, com base no know-how do maior complexo hospitalar da Am\u00e9rica Latina.<\/span><\/li>\n<li style=\"font-weight: 400\"><b>Vis\u00e3o integrada da sa\u00fade:<\/b><span style=\"font-weight: 400\"> compreenda os diferentes aspectos que impactam a gest\u00e3o, da opera\u00e7\u00e3o \u00e0 qualidade e seguran\u00e7a do paciente.<\/span><\/li>\n<\/ul>\n<p><span style=\"font-weight: 400\">A coordena\u00e7\u00e3o \u00e9 do <\/span><b>Prof. Dr. Giovanni Cerri Guido<\/b><span style=\"font-weight: 400\">, presidente dos Conselhos dos Institutos de Radiologia e de Inova\u00e7\u00e3o do HC, e do <\/span><b>Prof. Dr. Antonio Jos\u00e9 Pereira<\/b><span style=\"font-weight: 400\">, doutor em Administra\u00e7\u00e3o de Empresas pela Funda\u00e7\u00e3o Get\u00falio Vargas e ex-superintendente do HCFMUSP.<\/span><\/p>\n<p><span style=\"font-weight: 400\">Acesse a <\/span><a href=\"https:\/\/ensino.hcxfmusp.org.br\/online\/mba-em-gestao-em-saude\/p\"><span style=\"font-weight: 400\">p\u00e1gina do MBA em Gest\u00e3o em Sa\u00fade <\/span><\/a><span style=\"font-weight: 400\">e saiba mais!<\/span><\/p>\n<h3><span style=\"color: #005f61\"><strong>MBA em Sa\u00fade Digital<\/strong><\/span><\/h3>\n<p><a href=\"https:\/\/hcxfmusp.org.br\/portal\/saude-digital\/\"><span style=\"font-weight: 400\">A sa\u00fade digital j\u00e1 faz parte da opera\u00e7\u00e3o dos servi\u00e7os de sa\u00fade.<\/span><\/a><span style=\"font-weight: 400\"> Intelig\u00eancia artificial, telemedicina, interoperabilidade e ci\u00eancia de dados est\u00e3o transformando a gest\u00e3o, a tomada de decis\u00e3o e a assist\u00eancia. Para liderar essa transforma\u00e7\u00e3o, \u00e9 preciso integrar conhecimento tecnol\u00f3gico, estrat\u00e9gico e regulat\u00f3rio.<\/span><\/p>\n<p><span style=\"font-weight: 400\">O MBA em Sa\u00fade Digital do HCX Fmusp prepara profissionais para <\/span><b>compreender, implementar e liderar solu\u00e7\u00f5es digitais aplicadas \u00e0 sa\u00fade<\/b><span style=\"font-weight: 400\">. A forma\u00e7\u00e3o conecta tecnologia, gest\u00e3o e regula\u00e7\u00e3o \u00e0 realidade dos servi\u00e7os de sa\u00fade, com conhecimento baseado na experi\u00eancia do HCFMUSP.<\/span><\/p>\n<p><b>O que voc\u00ea desenvolve no MBA:<\/b><\/p>\n<ul>\n<li style=\"font-weight: 400\"><b>Vis\u00e3o estrat\u00e9gica em sa\u00fade digital:<\/b><span style=\"font-weight: 400\"> compreenda como IA, telemedicina, interoperabilidade e ci\u00eancia de dados podem transformar processos, servi\u00e7os e modelos de cuidado.<\/span><\/li>\n<li style=\"font-weight: 400\"><b>Compet\u00eancias para liderar projetos digitais:<\/b><span style=\"font-weight: 400\"> desenvolva capacidade para planejar, implementar e avaliar iniciativas de transforma\u00e7\u00e3o digital em organiza\u00e7\u00f5es de sa\u00fade.<\/span><\/li>\n<li style=\"font-weight: 400\"><b>Conhecimento em tecnologia e regula\u00e7\u00e3o:<\/b><span style=\"font-weight: 400\"> entenda os aspectos t\u00e9cnicos, regulat\u00f3rios e de gest\u00e3o envolvidos na ado\u00e7\u00e3o de solu\u00e7\u00f5es digitais.<\/span><\/li>\n<li style=\"font-weight: 400\"><b>Aplica\u00e7\u00e3o pr\u00e1tica:<\/b><span style=\"font-weight: 400\"> aprenda a partir de casos reais e experi\u00eancias de profissionais que est\u00e3o \u00e0 frente da transforma\u00e7\u00e3o digital no HCFMUSP e institui\u00e7\u00f5es de ronome.<\/span><\/li>\n<li style=\"font-weight: 400\"><b>Forma\u00e7\u00e3o integrada:<\/b><span style=\"font-weight: 400\"> conecte tecnologia, gest\u00e3o, inova\u00e7\u00e3o e assist\u00eancia para tomar decis\u00f5es mais estrat\u00e9gicas no ambiente digital da sa\u00fade.<\/span><\/li>\n<\/ul>\n<p><span style=\"font-weight: 400\">A forma\u00e7\u00e3o \u00e9 coordenada pelo Prof. Dr. Chao Lung Wen, chefe da Disciplina de Telemedicina do Departamento de Patologia da Faculdade de Medicina da USP, e pelo Prof. Dr. Carlos Carvalho, diretor de Sa\u00fade Digital do HCFMUSP. Ambos estiveram envolvidos no lan\u00e7amento do <\/span><b>1\u00ba Manual de Acredita\u00e7\u00e3o em Sa\u00fade Digital: Telemedicina e Telessa\u00fade<\/b><span style=\"font-weight: 400\">, da Organiza\u00e7\u00e3o Nacional de Acredita\u00e7\u00e3o (ONA).<\/span><\/p>\n<p><span style=\"font-weight: 400\">Com a experi\u00eancia do HCFMUSP, voc\u00ea se prepara para <\/span><b>liderar projetos, avaliar novas tecnologias e transformar oportunidades digitais em solu\u00e7\u00f5es aplic\u00e1veis \u00e0 realidade da sa\u00fade<\/b><span style=\"font-weight: 400\">.\u00a0<\/span><\/p>\n<p><span style=\"font-weight: 400\">Acesse a<\/span><a href=\"https:\/\/ensino.hcxfmusp.org.br\/online\/mba-em-saude-digital\/p\"><span style=\"font-weight: 400\"> p\u00e1gina do MBA em Sa\u00fade Digital <\/span><\/a><span style=\"font-weight: 400\">e saiba mais!<\/span><\/p>\n<h3><span style=\"color: #005f61\"><strong>MBA em Engenharia Cl\u00ednica<\/strong><\/span><\/h3>\n<p><span style=\"font-weight: 400\">A gest\u00e3o de tecnologias em sa\u00fade exige vis\u00e3o estrat\u00e9gica, capacidade de decis\u00e3o e dom\u00ednio dos processos para garantir efici\u00eancia, seguran\u00e7a e inova\u00e7\u00e3o.<\/span><\/p>\n<p><span style=\"font-weight: 400\">O MBA em Engenharia Cl\u00ednica do HCX Fmusp foi desenvolvido a partir da experi\u00eancia do HCFMUSP para preparar profissionais para os desafios t\u00e9cnicos e gerenciais da \u00e1rea. S\u00e3o <\/span><b>450 horas, em formato online ao vivo<\/b><span style=\"font-weight: 400\">, com conte\u00fado aplicado \u00e0 realidade das organiza\u00e7\u00f5es de sa\u00fade.<\/span><\/p>\n<p><b>O que voc\u00ea desenvolve no MBA:<\/b><\/p>\n<ul>\n<li style=\"font-weight: 400\"><b>Gest\u00e3o estrat\u00e9gica do parque tecnol\u00f3gico:<\/b><span style=\"font-weight: 400\"> aprenda a planejar, incorporar, avaliar e gerenciar equipamentos e tecnologias em sa\u00fade com efici\u00eancia e seguran\u00e7a.<\/span><\/li>\n<li style=\"font-weight: 400\"><b>Forma\u00e7\u00e3o executiva em engenharia cl\u00ednica:<\/b><span style=\"font-weight: 400\"> desenvolva compet\u00eancias para decis\u00f5es relacionadas a aquisi\u00e7\u00e3o, compliance, manuten\u00e7\u00e3o, sustentabilidade e gest\u00e3o de recursos.<\/span><\/li>\n<li style=\"font-weight: 400\"><b>Aprendizado conectado \u00e0 pr\u00e1tica:<\/b><span style=\"font-weight: 400\"> tenha contato com casos reais e solu\u00e7\u00f5es desenvolvidas no HCFMUSP, aproximando o conte\u00fado dos desafios cotidianos da gest\u00e3o.<\/span><\/li>\n<li style=\"font-weight: 400\"><b>Experi\u00eancia do maior complexo hospitalar da Am\u00e9rica Latina:<\/b><span style=\"font-weight: 400\"> aprenda com profissionais que vivenciam a gest\u00e3o de tecnologias em um dos ambientes hospitalares mais complexos do pa\u00eds.<\/span><\/li>\n<li style=\"font-weight: 400\"><b>Aplica\u00e7\u00e3o para gerar resultados:<\/b><span style=\"font-weight: 400\"> desenvolva estrat\u00e9gias para otimizar recursos, reduzir custos e melhorar a efici\u00eancia das institui\u00e7\u00f5es de sa\u00fade.<\/span><\/li>\n<\/ul>\n<p><span style=\"font-weight: 400\">Um dos casos abordados \u00e9 a implementa\u00e7\u00e3o do <\/span><a href=\"https:\/\/www.saudebusiness.com\/artigos\/hc-fmusp-economiza-r-1-milhao-com-manutencao-de-parque-tecnologico\/\"><b>Laborat\u00f3rio de Engenharia Cl\u00ednica (Labec) no HCFMUSP<\/b><span style=\"font-weight: 400\">, que evitou o desembolso de mais de <\/span><b>R$ 1 milh\u00e3o<\/b><span style=\"font-weight: 400\"> em recursos da institui\u00e7\u00e3o.<\/span><\/a><\/p>\n<p><span style=\"font-weight: 400\">O MBA \u00e9 coordenado pelo <\/span><b>Prof. Dr. Antonio Jos\u00e9 Pereira<\/b><span style=\"font-weight: 400\">, engenheiro e ex-superintendente do HCFMUSP, e pelo <\/span><b>Prof. F\u00e1bio Martins Corr\u00eaa<\/b><span style=\"font-weight: 400\">, diretor de Engenharia Cl\u00ednica do HCFMUSP.<\/span><\/p>\n<p><span style=\"font-weight: 400\">Com uma forma\u00e7\u00e3o baseada em <\/span><b>experi\u00eancia, conhecimento t\u00e9cnico e aplica\u00e7\u00e3o pr\u00e1tica<\/b><span style=\"font-weight: 400\">, o MBA prepara voc\u00ea para tomar decis\u00f5es mais estrat\u00e9gicas e transformar a gest\u00e3o de tecnologias em resultados concretos para as organiza\u00e7\u00f5es de sa\u00fade.<\/span><\/p>\n<p><span style=\"font-weight: 400\">Acesse a<\/span><a href=\"https:\/\/ensino.hcxfmusp.org.br\/online\/mba-em-engenharia-clinica\/p\"><span style=\"font-weight: 400\"> p\u00e1gina do MBA em Engenharia Cl\u00ednica<\/span><\/a><span style=\"font-weight: 400\"> e saiba mais!<\/span><\/p>\n<h3><span style=\"color: #005f61\"><strong>MBA em Gest\u00e3o da Inova\u00e7\u00e3o em Sa\u00fade<\/strong><\/span><\/h3>\n<p><span style=\"font-weight: 400\">O Brasil tem um dos ecossistemas de pesquisa em sa\u00fade mais robustos do mundo. Laborat\u00f3rios de excel\u00eancia, pesquisadores de classe mundial, produ\u00e7\u00e3o cient\u00edfica crescente.\u00a0<\/span><\/p>\n<p><span style=\"font-weight: 400\">O que ainda falta s\u00e3o profissionais capazes de conduzir esse conhecimento at\u00e9 o mercado, com rigor estrat\u00e9gico, dom\u00ednio regulat\u00f3rio e capacidade real de criar neg\u00f3cios de impacto.<\/span><\/p>\n<p><span style=\"font-weight: 400\">O MBA em Gest\u00e3o da Inova\u00e7\u00e3o em Sa\u00fade \u00e9 coordenado por grandes nomes da ci\u00eancia e da inova\u00e7\u00e3o em sa\u00fade do pa\u00eds. S\u00e3o os profissionais que constroem, por dentro, os padr\u00f5es de excel\u00eancia do HCFMUSP e do Instituto Butantan.<\/span><\/p>\n<p><span style=\"font-weight: 400\">O programa conta com um corpo docente do HC, do Instituto Butantan, especialistas de mercado e executivos de refer\u00eancia que atuam nos setores p\u00fablico e privado da sa\u00fade, trazendo experi\u00eancia pr\u00e1tica e vis\u00e3o estrat\u00e9gica a cada disciplina.<\/span><\/p>\n<p><b>O que voc\u00ea desenvolve no MBA:<\/b><\/p>\n<p><span style=\"font-weight: 400\">Ao final do MBA, voc\u00ea estar\u00e1 preparado para transformar conhecimento cient\u00edfico em inova\u00e7\u00e3o aplic\u00e1vel, conectando pesquisa, estrat\u00e9gia, regula\u00e7\u00e3o e mercado.<\/span><\/p>\n<ul>\n<li style=\"font-weight: 400\"><b>Dom\u00ednio do arcabou\u00e7o legal e regulat\u00f3rio:<\/b><span style=\"font-weight: 400\"> compreenda os caminhos para transfer\u00eancia de tecnologia e conduza projetos de inova\u00e7\u00e3o com seguran\u00e7a e efici\u00eancia;<\/span><\/li>\n<li style=\"font-weight: 400\"><b>Vis\u00e3o estrat\u00e9gica da inova\u00e7\u00e3o em sa\u00fade:<\/b><span style=\"font-weight: 400\"> desenvolva capacidade para identificar oportunidades, estruturar solu\u00e7\u00f5es e tomar decis\u00f5es em ambientes complexos;<\/span><\/li>\n<li style=\"font-weight: 400\"><b>Experi\u00eancia pr\u00e1tica de grandes ecossistemas de sa\u00fade:<\/b><span style=\"font-weight: 400\"> aprenda com a experi\u00eancia do HCFMUSP e do Instituto Butantan, refer\u00eancias nacionais em ci\u00eancia, pesquisa e inova\u00e7\u00e3o;<\/span><\/li>\n<li style=\"font-weight: 400\"><b>Capacidade de transformar ci\u00eancia em neg\u00f3cios de impacto:<\/b><span style=\"font-weight: 400\"> desenvolva compet\u00eancias para levar conhecimento e tecnologias do ambiente de pesquisa \u00e0 aplica\u00e7\u00e3o e ao mercado;<\/span><\/li>\n<li style=\"font-weight: 400\"><b>Vis\u00e3o integrada dos setores p\u00fablico e privado:<\/b><span style=\"font-weight: 400\"> amplie sua capacidade de atuar na interface entre ci\u00eancia, gest\u00e3o, ind\u00fastria, governo e empreendedorismo;<\/span><\/li>\n<li style=\"font-weight: 400\"><b>Networking com especialistas e executivos de refer\u00eancia:<\/b><span style=\"font-weight: 400\"> construa conex\u00f5es com profissionais que atuam diretamente nos principais desafios e oportunidades da inova\u00e7\u00e3o em sa\u00fade;<\/span><\/li>\n<li style=\"font-weight: 400\"><b>Capacidade de liderar projetos de inova\u00e7\u00e3o:<\/b><span style=\"font-weight: 400\"> esteja preparado para conduzir iniciativas com vis\u00e3o estrat\u00e9gica, rigor t\u00e9cnico e foco em resultados.<\/span><\/li>\n<\/ul>\n<p><span style=\"font-weight: 400\">Coordena\u00e7\u00e3o do Prof. Dr. Roger Chammas, Profa. Dra. Ana Marisa Chudzinski-Tavassi e Profa. Dra. Linda Bernardes, somando experi\u00eancias com inova\u00e7\u00e3o em grandes organiza\u00e7\u00f5es como o Butantan e HCFMUSP.<\/span><\/p>\n<p><span style=\"font-weight: 400\">Acesse a<\/span><a href=\"https:\/\/ensino.hcxfmusp.org.br\/online\/mba-em-gestao-da-inovacao-em-saude\/p\"> <span style=\"font-weight: 400\">p\u00e1gina do MBA em Inova\u00e7\u00e3o e Gest\u00e3o em Sa\u00fade<\/span><\/a><span style=\"font-weight: 400\"> e saiba mais!<\/span><\/p>\n","protected":false},"excerpt":{"rendered":"<p>O mercado tem buscado cada vez mais profissionais com MBA na \u00e1rea da sa\u00fade, e as oportunidades de crescimento, reconhecimento e desenvolvimento de carreira para quem investe nessa forma\u00e7\u00e3o s\u00e3o cada vez mais expressivas. Para se ter uma ideia, ao fim de 2025, a cadeia produtiva da sa\u00fade alcan\u00e7ou 5,28 milh\u00f5es de v\u00ednculos formais de [&hellip;]<\/p>\n","protected":false},"author":4302,"featured_media":393787,"comment_status":"closed","ping_status":"closed","sticky":false,"template":"","format":"standard","meta":{"footnotes":""},"categories":[390],"tags":[1241,1238,1240,1239,1098],"class_list":["post-393785","post","type-post","status-publish","format-standard","has-post-thumbnail","hentry","category-blog","tag-carreira-saude","tag-mba","tag-mba-como-escolher","tag-mba-melhores-areas","tag-mba-saude"],"yoast_head":"<!-- This site is optimized with the Yoast SEO Premium plugin v23.5 (Yoast SEO v23.5) - https:\/\/yoast.com\/wordpress\/plugins\/seo\/ -->\n<title>MBA na \u00e1rea da sa\u00fade: quais s\u00e3o, como escolher e onde estudar<\/title>\n<meta name=\"description\" content=\"MBA na \u00e1rea da sa\u00fade: entenda para quem \u00e9, as tend\u00eancias e as principais especializa\u00e7\u00f5es do HCX Fmusp, do Hospital das Cl\u00ednicas da USP.\" \/>\n<meta name=\"robots\" content=\"index, follow, max-snippet:-1, max-image-preview:large, max-video-preview:-1\" \/>\n<link rel=\"canonical\" href=\"https:\/\/hcxfmusp.org.br\/portal\/mba-na-area-da-saude\/\" \/>\n<meta property=\"og:locale\" content=\"pt_BR\" \/>\n<meta property=\"og:type\" content=\"article\" \/>\n<meta property=\"og:title\" content=\"MBA na \u00e1rea da sa\u00fade: quais s\u00e3o, como escolher e onde estudar\" \/>\n<meta property=\"og:description\" content=\"MBA na \u00e1rea da sa\u00fade: entenda para quem \u00e9, as tend\u00eancias e as principais especializa\u00e7\u00f5es do HCX Fmusp, do Hospital das Cl\u00ednicas da USP.\" \/>\n<meta property=\"og:url\" content=\"https:\/\/hcxfmusp.org.br\/portal\/mba-na-area-da-saude\/\" \/>\n<meta property=\"og:site_name\" content=\"HCX - Portal\" \/>\n<meta property=\"article:publisher\" content=\"https:\/\/www.facebook.com\/hcxfmusp\" \/>\n<meta property=\"article:published_time\" content=\"2026-08-31T13:52:39+00:00\" \/>\n<meta property=\"article:modified_time\" content=\"2026-08-31T13:54:36+00:00\" \/>\n<meta property=\"og:image\" content=\"https:\/\/hcxfmusp.org.br\/portal\/wp-content\/uploads\/2026\/08\/Gestao_em_saude-1.png\" \/>\n\t<meta property=\"og:image:width\" content=\"1300\" \/>\n\t<meta property=\"og:image:height\" content=\"400\" \/>\n\t<meta property=\"og:image:type\" content=\"image\/png\" \/>\n<meta name=\"author\" content=\"Lilian\" \/>\n<meta name=\"twitter:card\" content=\"summary_large_image\" \/>\n<meta name=\"twitter:label1\" content=\"Escrito por\" \/>\n\t<meta name=\"twitter:data1\" content=\"Lilian\" \/>\n\t<meta name=\"twitter:label2\" content=\"Est. tempo de leitura\" \/>\n\t<meta name=\"twitter:data2\" content=\"16 minutos\" \/>\n<script type=\"application\/ld+json\" class=\"yoast-schema-graph\">{\"@context\":\"https:\/\/schema.org\",\"@graph\":[{\"@type\":\"Article\",\"@id\":\"https:\/\/hcxfmusp.org.br\/portal\/mba-na-area-da-saude\/#article\",\"isPartOf\":{\"@id\":\"https:\/\/hcxfmusp.org.br\/portal\/mba-na-area-da-saude\/\"},\"author\":{\"name\":\"Lilian\",\"@id\":\"https:\/\/hcxfmusp.org.br\/portal\/#\/schema\/person\/5b23e3635de414201f8448e912a55e87\"},\"headline\":\"MBA na \u00e1rea da sa\u00fade: quais s\u00e3o, como escolher e onde estudar\",\"datePublished\":\"2026-08-31T13:52:39+00:00\",\"dateModified\":\"2026-08-31T13:54:36+00:00\",\"mainEntityOfPage\":{\"@id\":\"https:\/\/hcxfmusp.org.br\/portal\/mba-na-area-da-saude\/\"},\"wordCount\":3247,\"publisher\":{\"@id\":\"https:\/\/hcxfmusp.org.br\/portal\/#organization\"},\"image\":{\"@id\":\"https:\/\/hcxfmusp.org.br\/portal\/mba-na-area-da-saude\/#primaryimage\"},\"thumbnailUrl\":\"https:\/\/hcxfmusp.org.br\/portal\/wp-content\/uploads\/2026\/08\/Gestao_em_saude-1.png\",\"keywords\":[\"carreira sa\u00fade\",\"MBA\",\"MBA como escolher\",\"MBA melhores \u00e1reas\",\"MBA Sa\u00fade\"],\"articleSection\":[\"Blog\"],\"inLanguage\":\"pt-BR\"},{\"@type\":\"WebPage\",\"@id\":\"https:\/\/hcxfmusp.org.br\/portal\/mba-na-area-da-saude\/\",\"url\":\"https:\/\/hcxfmusp.org.br\/portal\/mba-na-area-da-saude\/\",\"name\":\"MBA na \u00e1rea da sa\u00fade: quais s\u00e3o, como escolher e onde estudar\",\"isPartOf\":{\"@id\":\"https:\/\/hcxfmusp.org.br\/portal\/#website\"},\"primaryImageOfPage\":{\"@id\":\"https:\/\/hcxfmusp.org.br\/portal\/mba-na-area-da-saude\/#primaryimage\"},\"image\":{\"@id\":\"https:\/\/hcxfmusp.org.br\/portal\/mba-na-area-da-saude\/#primaryimage\"},\"thumbnailUrl\":\"https:\/\/hcxfmusp.org.br\/portal\/wp-content\/uploads\/2026\/08\/Gestao_em_saude-1.png\",\"datePublished\":\"2026-08-31T13:52:39+00:00\",\"dateModified\":\"2026-08-31T13:54:36+00:00\",\"description\":\"MBA na \u00e1rea da sa\u00fade: entenda para quem \u00e9, as tend\u00eancias e as principais especializa\u00e7\u00f5es do HCX Fmusp, do Hospital das Cl\u00ednicas da USP.\",\"breadcrumb\":{\"@id\":\"https:\/\/hcxfmusp.org.br\/portal\/mba-na-area-da-saude\/#breadcrumb\"},\"inLanguage\":\"pt-BR\",\"potentialAction\":[{\"@type\":\"ReadAction\",\"target\":[\"https:\/\/hcxfmusp.org.br\/portal\/mba-na-area-da-saude\/\"]}]},{\"@type\":\"ImageObject\",\"inLanguage\":\"pt-BR\",\"@id\":\"https:\/\/hcxfmusp.org.br\/portal\/mba-na-area-da-saude\/#primaryimage\",\"url\":\"https:\/\/hcxfmusp.org.br\/portal\/wp-content\/uploads\/2026\/08\/Gestao_em_saude-1.png\",\"contentUrl\":\"https:\/\/hcxfmusp.org.br\/portal\/wp-content\/uploads\/2026\/08\/Gestao_em_saude-1.png\",\"width\":1300,\"height\":400,\"caption\":\"equipe de mba e gest\u00e3o em sa\u00fade escrevendo no quadro branco\"},{\"@type\":\"BreadcrumbList\",\"@id\":\"https:\/\/hcxfmusp.org.br\/portal\/mba-na-area-da-saude\/#breadcrumb\",\"itemListElement\":[{\"@type\":\"ListItem\",\"position\":1,\"name\":\"In\u00edcio\",\"item\":\"https:\/\/hcxfmusp.org.br\/portal\/\"},{\"@type\":\"ListItem\",\"position\":2,\"name\":\"MBA na \u00e1rea da sa\u00fade: quais s\u00e3o, como escolher e onde estudar\"}]},{\"@type\":\"WebSite\",\"@id\":\"https:\/\/hcxfmusp.org.br\/portal\/#website\",\"url\":\"https:\/\/hcxfmusp.org.br\/portal\/\",\"name\":\"Portal\",\"description\":\"Portal - HCX Fmusp\",\"publisher\":{\"@id\":\"https:\/\/hcxfmusp.org.br\/portal\/#organization\"},\"potentialAction\":[{\"@type\":\"SearchAction\",\"target\":{\"@type\":\"EntryPoint\",\"urlTemplate\":\"https:\/\/hcxfmusp.org.br\/portal\/?s={search_term_string}\"},\"query-input\":{\"@type\":\"PropertyValueSpecification\",\"valueRequired\":true,\"valueName\":\"search_term_string\"}}],\"inLanguage\":\"pt-BR\"},{\"@type\":\"Organization\",\"@id\":\"https:\/\/hcxfmusp.org.br\/portal\/#organization\",\"name\":\"HCX Fmusp\",\"url\":\"https:\/\/hcxfmusp.org.br\/portal\/\",\"logo\":{\"@type\":\"ImageObject\",\"inLanguage\":\"pt-BR\",\"@id\":\"https:\/\/hcxfmusp.org.br\/portal\/#\/schema\/logo\/image\/\",\"url\":\"https:\/\/hcxfmusp.org.br\/portal\/wp-content\/uploads\/2024\/03\/logo-hcx-fmusp.png\",\"contentUrl\":\"https:\/\/hcxfmusp.org.br\/portal\/wp-content\/uploads\/2024\/03\/logo-hcx-fmusp.png\",\"width\":879,\"height\":384,\"caption\":\"HCX Fmusp\"},\"image\":{\"@id\":\"https:\/\/hcxfmusp.org.br\/portal\/#\/schema\/logo\/image\/\"},\"sameAs\":[\"https:\/\/www.facebook.com\/hcxfmusp\",\"https:\/\/www.instagram.com\/hcxfmusp\",\"https:\/\/www.linkedin.com\/company\/hcxfmusp\",\"https:\/\/www.youtube.com\/@hcxfmusp\"]},{\"@type\":\"Person\",\"@id\":\"https:\/\/hcxfmusp.org.br\/portal\/#\/schema\/person\/5b23e3635de414201f8448e912a55e87\",\"name\":\"Lilian\",\"image\":{\"@type\":\"ImageObject\",\"inLanguage\":\"pt-BR\",\"@id\":\"https:\/\/hcxfmusp.org.br\/portal\/#\/schema\/person\/image\/\",\"url\":\"https:\/\/secure.gravatar.com\/avatar\/22c4f0aa119eefc74222f54eb3bd8ad5c5762a26510bfcd9c091c72b146b3763?s=96&d=mm&r=g\",\"contentUrl\":\"https:\/\/secure.gravatar.com\/avatar\/22c4f0aa119eefc74222f54eb3bd8ad5c5762a26510bfcd9c091c72b146b3763?s=96&d=mm&r=g\",\"caption\":\"Lilian\"},\"url\":\"https:\/\/hcxfmusp.org.br\/portal\/author\/lilian\/\"}]}<\/script>\n<!-- \/ Yoast SEO Premium plugin. -->","yoast_head_json":{"title":"MBA na \u00e1rea da sa\u00fade: quais s\u00e3o, como escolher e onde estudar","description":"MBA na \u00e1rea da sa\u00fade: entenda para quem \u00e9, as tend\u00eancias e as principais especializa\u00e7\u00f5es do HCX Fmusp, do Hospital das Cl\u00ednicas da USP.","robots":{"index":"index","follow":"follow","max-snippet":"max-snippet:-1","max-image-preview":"max-image-preview:large","max-video-preview":"max-video-preview:-1"},"canonical":"https:\/\/hcxfmusp.org.br\/portal\/mba-na-area-da-saude\/","og_locale":"pt_BR","og_type":"article","og_title":"MBA na \u00e1rea da sa\u00fade: quais s\u00e3o, como escolher e onde estudar","og_description":"MBA na \u00e1rea da sa\u00fade: entenda para quem \u00e9, as tend\u00eancias e as principais especializa\u00e7\u00f5es do HCX Fmusp, do Hospital das Cl\u00ednicas da USP.","og_url":"https:\/\/hcxfmusp.org.br\/portal\/mba-na-area-da-saude\/","og_site_name":"HCX - Portal","article_publisher":"https:\/\/www.facebook.com\/hcxfmusp","article_published_time":"2026-08-31T13:52:39+00:00","article_modified_time":"2026-08-31T13:54:36+00:00","og_image":[{"width":1300,"height":400,"url":"https:\/\/hcxfmusp.org.br\/portal\/wp-content\/uploads\/2026\/08\/Gestao_em_saude-1.png","type":"image\/png"}],"author":"Lilian","twitter_card":"summary_large_image","twitter_misc":{"Escrito por":"Lilian","Est. tempo de leitura":"16 minutos"},"schema":{"@context":"https:\/\/schema.org","@graph":[{"@type":"Article","@id":"https:\/\/hcxfmusp.org.br\/portal\/mba-na-area-da-saude\/#article","isPartOf":{"@id":"https:\/\/hcxfmusp.org.br\/portal\/mba-na-area-da-saude\/"},"author":{"name":"Lilian","@id":"https:\/\/hcxfmusp.org.br\/portal\/#\/schema\/person\/5b23e3635de414201f8448e912a55e87"},"headline":"MBA na \u00e1rea da sa\u00fade: quais s\u00e3o, como escolher e onde estudar","datePublished":"2026-08-31T13:52:39+00:00","dateModified":"2026-08-31T13:54:36+00:00","mainEntityOfPage":{"@id":"https:\/\/hcxfmusp.org.br\/portal\/mba-na-area-da-saude\/"},"wordCount":3247,"publisher":{"@id":"https:\/\/hcxfmusp.org.br\/portal\/#organization"},"image":{"@id":"https:\/\/hcxfmusp.org.br\/portal\/mba-na-area-da-saude\/#primaryimage"},"thumbnailUrl":"https:\/\/hcxfmusp.org.br\/portal\/wp-content\/uploads\/2026\/08\/Gestao_em_saude-1.png","keywords":["carreira sa\u00fade","MBA","MBA como escolher","MBA melhores \u00e1reas","MBA Sa\u00fade"],"articleSection":["Blog"],"inLanguage":"pt-BR"},{"@type":"WebPage","@id":"https:\/\/hcxfmusp.org.br\/portal\/mba-na-area-da-saude\/","url":"https:\/\/hcxfmusp.org.br\/portal\/mba-na-area-da-saude\/","name":"MBA na \u00e1rea da sa\u00fade: quais s\u00e3o, como escolher e onde estudar","isPartOf":{"@id":"https:\/\/hcxfmusp.org.br\/portal\/#website"},"primaryImageOfPage":{"@id":"https:\/\/hcxfmusp.org.br\/portal\/mba-na-area-da-saude\/#primaryimage"},"image":{"@id":"https:\/\/hcxfmusp.org.br\/portal\/mba-na-area-da-saude\/#primaryimage"},"thumbnailUrl":"https:\/\/hcxfmusp.org.br\/portal\/wp-content\/uploads\/2026\/08\/Gestao_em_saude-1.png","datePublished":"2026-08-31T13:52:39+00:00","dateModified":"2026-08-31T13:54:36+00:00","description":"MBA na \u00e1rea da sa\u00fade: entenda para quem \u00e9, as tend\u00eancias e as principais especializa\u00e7\u00f5es do HCX Fmusp, do Hospital das Cl\u00ednicas da USP.","breadcrumb":{"@id":"https:\/\/hcxfmusp.org.br\/portal\/mba-na-area-da-saude\/#breadcrumb"},"inLanguage":"pt-BR","potentialAction":[{"@type":"ReadAction","target":["https:\/\/hcxfmusp.org.br\/portal\/mba-na-area-da-saude\/"]}]},{"@type":"ImageObject","inLanguage":"pt-BR","@id":"https:\/\/hcxfmusp.org.br\/portal\/mba-na-area-da-saude\/#primaryimage","url":"https:\/\/hcxfmusp.org.br\/portal\/wp-content\/uploads\/2026\/08\/Gestao_em_saude-1.png","contentUrl":"https:\/\/hcxfmusp.org.br\/portal\/wp-content\/uploads\/2026\/08\/Gestao_em_saude-1.png","width":1300,"height":400,"caption":"equipe de mba e gest\u00e3o em sa\u00fade escrevendo no quadro branco"},{"@type":"BreadcrumbList","@id":"https:\/\/hcxfmusp.org.br\/portal\/mba-na-area-da-saude\/#breadcrumb","itemListElement":[{"@type":"ListItem","position":1,"name":"In\u00edcio","item":"https:\/\/hcxfmusp.org.br\/portal\/"},{"@type":"ListItem","position":2,"name":"MBA na \u00e1rea da sa\u00fade: quais s\u00e3o, como escolher e onde estudar"}]},{"@type":"WebSite","@id":"https:\/\/hcxfmusp.org.br\/portal\/#website","url":"https:\/\/hcxfmusp.org.br\/portal\/","name":"Portal","description":"Portal - HCX Fmusp","publisher":{"@id":"https:\/\/hcxfmusp.org.br\/portal\/#organization"},"potentialAction":[{"@type":"SearchAction","target":{"@type":"EntryPoint","urlTemplate":"https:\/\/hcxfmusp.org.br\/portal\/?s={search_term_string}"},"query-input":{"@type":"PropertyValueSpecification","valueRequired":true,"valueName":"search_term_string"}}],"inLanguage":"pt-BR"},{"@type":"Organization","@id":"https:\/\/hcxfmusp.org.br\/portal\/#organization","name":"HCX Fmusp","url":"https:\/\/hcxfmusp.org.br\/portal\/","logo":{"@type":"ImageObject","inLanguage":"pt-BR","@id":"https:\/\/hcxfmusp.org.br\/portal\/#\/schema\/logo\/image\/","url":"https:\/\/hcxfmusp.org.br\/portal\/wp-content\/uploads\/2024\/03\/logo-hcx-fmusp.png","contentUrl":"https:\/\/hcxfmusp.org.br\/portal\/wp-content\/uploads\/2024\/03\/logo-hcx-fmusp.png","width":879,"height":384,"caption":"HCX Fmusp"},"image":{"@id":"https:\/\/hcxfmusp.org.br\/portal\/#\/schema\/logo\/image\/"},"sameAs":["https:\/\/www.facebook.com\/hcxfmusp","https:\/\/www.instagram.com\/hcxfmusp","https:\/\/www.linkedin.com\/company\/hcxfmusp","https:\/\/www.youtube.com\/@hcxfmusp"]},{"@type":"Person","@id":"https:\/\/hcxfmusp.org.br\/portal\/#\/schema\/person\/5b23e3635de414201f8448e912a55e87","name":"Lilian","image":{"@type":"ImageObject","inLanguage":"pt-BR","@id":"https:\/\/hcxfmusp.org.br\/portal\/#\/schema\/person\/image\/","url":"https:\/\/secure.gravatar.com\/avatar\/22c4f0aa119eefc74222f54eb3bd8ad5c5762a26510bfcd9c091c72b146b3763?s=96&d=mm&r=g","contentUrl":"https:\/\/secure.gravatar.com\/avatar\/22c4f0aa119eefc74222f54eb3bd8ad5c5762a26510bfcd9c091c72b146b3763?s=96&d=mm&r=g","caption":"Lilian"},"url":"https:\/\/hcxfmusp.org.br\/portal\/author\/lilian\/"}]}},"_links":{"self":[{"href":"https:\/\/hcxfmusp.org.br\/portal\/wp-json\/wp\/v2\/posts\/393785","targetHints":{"allow":["GET"]}}],"collection":[{"href":"https:\/\/hcxfmusp.org.br\/portal\/wp-json\/wp\/v2\/posts"}],"about":[{"href":"https:\/\/hcxfmusp.org.br\/portal\/wp-json\/wp\/v2\/types\/post"}],"author":[{"embeddable":true,"href":"https:\/\/hcxfmusp.org.br\/portal\/wp-json\/wp\/v2\/users\/4302"}],"replies":[{"embeddable":true,"href":"https:\/\/hcxfmusp.org.br\/portal\/wp-json\/wp\/v2\/comments?post=393785"}],"version-history":[{"count":5,"href":"https:\/\/hcxfmusp.org.br\/portal\/wp-json\/wp\/v2\/posts\/393785\/revisions"}],"predecessor-version":[{"id":393792,"href":"https:\/\/hcxfmusp.org.br\/portal\/wp-json\/wp\/v2\/posts\/393785\/revisions\/393792"}],"wp:featuredmedia":[{"embeddable":true,"href":"https:\/\/hcxfmusp.org.br\/portal\/wp-json\/wp\/v2\/media\/393787"}],"wp:attachment":[{"href":"https:\/\/hcxfmusp.org.br\/portal\/wp-json\/wp\/v2\/media?parent=393785"}],"wp:term":[{"taxonomy":"category","embeddable":true,"href":"https:\/\/hcxfmusp.org.br\/portal\/wp-json\/wp\/v2\/categories?post=393785"},{"taxonomy":"post_tag","embeddable":true,"href":"https:\/\/hcxfmusp.org.br\/portal\/wp-json\/wp\/v2\/tags?post=393785"}],"curies":[{"name":"wp","href":"https:\/\/api.w.org\/{rel}","templated":true}]}}